{"id":19237,"date":"2024-12-17T12:32:43","date_gmt":"2024-12-17T11:32:43","guid":{"rendered":"https:\/\/pujante.com\/?p=18092"},"modified":"2024-12-17T12:32:43","modified_gmt":"2024-12-17T11:32:43","slug":"premio-a-la-arqueococina-de-juan-regis","status":"publish","type":"post","link":"https:\/\/pujante.com\/en\/premio-a-la-arqueococina-de-juan-regis\/","title":{"rendered":"Premio a la Arqueococina de Juan Regis"},"content":{"rendered":"<div data-elementor-type=\"wp-post\" data-elementor-id=\"19237\" class=\"elementor elementor-19237\" data-elementor-post-type=\"post\">\n\t\t\t\t\t\t<section class=\"elementor-section elementor-top-section elementor-element elementor-element-8e43334 elementor-section-boxed elementor-section-height-default elementor-section-height-default\" data-id=\"8e43334\" data-element_type=\"section\" data-e-type=\"section\">\n\t\t\t\t\t\t<div class=\"elementor-container elementor-column-gap-default\">\n\t\t\t\t\t<div class=\"elementor-column elementor-col-100 elementor-top-column elementor-element elementor-element-fd4f8ac\" data-id=\"fd4f8ac\" data-element_type=\"column\" data-e-type=\"column\">\n\t\t\t<div class=\"elementor-widget-wrap elementor-element-populated\">\n\t\t\t\t\t\t<div class=\"elementor-element elementor-element-f6d7968 elementor-widget elementor-widget-text-editor\" data-id=\"f6d7968\" data-element_type=\"widget\" data-e-type=\"widget\" data-widget_type=\"text-editor.default\">\n\t\t\t\t<div class=\"elementor-widget-container\">\n\t\t\t\t\t\t\t\t\t<p data-pm-slice=\"1 1 []\">El maestro cocinero, nuestro amigo y colaborador <strong>Juan Regis<\/strong>, ha sido reconocido en la <a href=\"https:\/\/premiosgastronomiamurcia.laverdad.es\/\"><strong>IX edici\u00f3n de los Premios de Gastronom\u00eda de la Regi\u00f3n de Murcia<\/strong><\/a>.<\/p>\t\t\t\t\t\t\t\t<\/div>\n\t\t\t\t<\/div>\n\t\t\t\t\t<\/div>\n\t\t<\/div>\n\t\t\t\t\t<\/div>\n\t\t<\/section>\n\t\t\t\t<section class=\"elementor-section elementor-top-section elementor-element elementor-element-f2b8e86 elementor-section-boxed elementor-section-height-default elementor-section-height-default\" data-id=\"f2b8e86\" data-element_type=\"section\" data-e-type=\"section\">\n\t\t\t\t\t\t<div class=\"elementor-container elementor-column-gap-default\">\n\t\t\t\t\t<div class=\"elementor-column elementor-col-100 elementor-top-column elementor-element elementor-element-57d658a\" data-id=\"57d658a\" data-element_type=\"column\" data-e-type=\"column\">\n\t\t\t<div class=\"elementor-widget-wrap elementor-element-populated\">\n\t\t\t\t\t\t<div class=\"elementor-element elementor-element-5428c0a elementor-widget elementor-widget-text-editor\" data-id=\"5428c0a\" data-element_type=\"widget\" data-e-type=\"widget\" data-widget_type=\"text-editor.default\">\n\t\t\t\t<div class=\"elementor-widget-container\">\n\t\t\t\t\t\t\t\t\t<p data-pm-slice=\"1 1 []\">Estos <a href=\"https:\/\/premiosgastronomiamurcia.laverdad.es\/ganadores-2024\/\">premios<\/a>, que convoca <strong>LA VERDAD<\/strong>, se entregaba, este lunes por la tarde, en la <strong>Casa de La Luz<\/strong> de Zarandona (Murcia), \u00a0antigua f\u00e1brica\u00a0de\u00a0seda que data de <strong>1804.<\/strong><\/p>\t\t\t\t\t\t\t\t<\/div>\n\t\t\t\t<\/div>\n\t\t\t\t\t<\/div>\n\t\t<\/div>\n\t\t\t\t\t<\/div>\n\t\t<\/section>\n\t\t\t\t<section class=\"elementor-section elementor-top-section elementor-element elementor-element-f57b0f7 elementor-section-boxed elementor-section-height-default elementor-section-height-default\" data-id=\"f57b0f7\" data-element_type=\"section\" data-e-type=\"section\">\n\t\t\t\t\t\t<div class=\"elementor-container elementor-column-gap-default\">\n\t\t\t\t\t<div class=\"elementor-column elementor-col-100 elementor-top-column elementor-element elementor-element-c74072c\" data-id=\"c74072c\" data-element_type=\"column\" data-e-type=\"column\">\n\t\t\t<div class=\"elementor-widget-wrap elementor-element-populated\">\n\t\t\t\t\t\t<div class=\"elementor-element elementor-element-be8047c elementor-widget elementor-widget-text-editor\" data-id=\"be8047c\" data-element_type=\"widget\" data-e-type=\"widget\" data-widget_type=\"text-editor.default\">\n\t\t\t\t<div class=\"elementor-widget-container\">\n\t\t\t\t\t\t\t\t\t<p data-pm-slice=\"1 1 []\">En concreto, Juan Regis, recib\u00eda un premio a la sostenibilidad y desde Pujante queremos felicitarle por su dilatada trayectoria a la que suma este nuevo reconocimiento.<\/p>\t\t\t\t\t\t\t\t<\/div>\n\t\t\t\t<\/div>\n\t\t\t\t\t<\/div>\n\t\t<\/div>\n\t\t\t\t\t<\/div>\n\t\t<\/section>\n\t\t\t\t<section class=\"elementor-section elementor-top-section elementor-element elementor-element-614f373 elementor-section-boxed elementor-section-height-default elementor-section-height-default\" data-id=\"614f373\" data-element_type=\"section\" data-e-type=\"section\">\n\t\t\t\t\t\t<div class=\"elementor-container elementor-column-gap-default\">\n\t\t\t\t\t<div class=\"elementor-column elementor-col-50 elementor-top-column elementor-element elementor-element-8b30d55\" data-id=\"8b30d55\" data-element_type=\"column\" data-e-type=\"column\">\n\t\t\t<div class=\"elementor-widget-wrap elementor-element-populated\">\n\t\t\t\t\t\t<div class=\"elementor-element elementor-element-0229720 elementor-widget elementor-widget-image\" data-id=\"0229720\" data-element_type=\"widget\" data-e-type=\"widget\" data-widget_type=\"image.default\">\n\t\t\t\t<div class=\"elementor-widget-container\">\n\t\t\t\t\t\t\t\t\t\t\t\t<figure class=\"wp-caption\">\n\t\t\t\t\t\t\t\t\t\t<img decoding=\"async\" src=\"https:\/\/pujante.com\/wp-content\/uploads\/09d8ba82-e4a8-4a89-a53f-e08c154ba446.jpg\" title=\"\" alt=\"\" loading=\"lazy\" \/>\t\t\t\t\t\t\t\t\t\t\t<figcaption class=\"widget-image-caption wp-caption-text\">En la foto, el maestro cocinero, Juan Regis recoge su premio junto a su hijo, Juan Jes\u00fas Regis.<\/figcaption>\n\t\t\t\t\t\t\t\t\t\t<\/figure>\n\t\t\t\t\t\t\t\t\t<\/div>\n\t\t\t\t<\/div>\n\t\t\t\t\t<\/div>\n\t\t<\/div>\n\t\t\t\t<div class=\"elementor-column elementor-col-50 elementor-top-column elementor-element elementor-element-68950e7\" data-id=\"68950e7\" data-element_type=\"column\" data-e-type=\"column\">\n\t\t\t<div class=\"elementor-widget-wrap elementor-element-populated\">\n\t\t\t\t\t\t<div class=\"elementor-element elementor-element-b4c0dee elementor-widget elementor-widget-image\" data-id=\"b4c0dee\" data-element_type=\"widget\" data-e-type=\"widget\" data-widget_type=\"image.default\">\n\t\t\t\t<div class=\"elementor-widget-container\">\n\t\t\t\t\t\t\t\t\t\t\t\t<figure class=\"wp-caption\">\n\t\t\t\t\t\t\t\t\t\t<img decoding=\"async\" src=\"https:\/\/pujante.com\/wp-content\/uploads\/58d4fd34-231b-4815-bb8b-69033628c07a.jpg\" title=\"\" alt=\"\" loading=\"lazy\" \/>\t\t\t\t\t\t\t\t\t\t\t<figcaption class=\"widget-image-caption wp-caption-text\">El consejero de Medio Ambiente, Universidades, Investigaci\u00f3n y Mar Menor, Juan Mar\u00eda V\u00e1zquez,  la sobrina nieta del ingeniero agr\u00f3nomo lorquino, Zacar\u00edas Salazar, Isabel Gim\u00e9nez, y el director de La Verdad, Alberto Aguirre de C\u00e1rcer y el cocinero, Juan Regis.<\/figcaption>\n\t\t\t\t\t\t\t\t\t\t<\/figure>\n\t\t\t\t\t\t\t\t\t<\/div>\n\t\t\t\t<\/div>\n\t\t\t\t\t<\/div>\n\t\t<\/div>\n\t\t\t\t\t<\/div>\n\t\t<\/section>\n\t\t\t\t<section class=\"elementor-section elementor-top-section elementor-element elementor-element-1d6c553 elementor-section-boxed elementor-section-height-default elementor-section-height-default\" data-id=\"1d6c553\" data-element_type=\"section\" data-e-type=\"section\">\n\t\t\t\t\t\t<div class=\"elementor-container elementor-column-gap-default\">\n\t\t\t\t\t<div class=\"elementor-column elementor-col-100 elementor-top-column elementor-element elementor-element-b98a303\" data-id=\"b98a303\" data-element_type=\"column\" data-e-type=\"column\">\n\t\t\t<div class=\"elementor-widget-wrap elementor-element-populated\">\n\t\t\t\t\t\t<div class=\"elementor-element elementor-element-6117788 elementor-widget elementor-widget-spacer\" data-id=\"6117788\" data-element_type=\"widget\" data-e-type=\"widget\" data-widget_type=\"spacer.default\">\n\t\t\t\t<div class=\"elementor-widget-container\">\n\t\t\t\t\t\t\t<div class=\"elementor-spacer\">\n\t\t\t<div class=\"elementor-spacer-inner\"><\/div>\n\t\t<\/div>\n\t\t\t\t\t\t<\/div>\n\t\t\t\t<\/div>\n\t\t\t\t\t<\/div>\n\t\t<\/div>\n\t\t\t\t\t<\/div>\n\t\t<\/section>\n\t\t\t\t<section class=\"elementor-section elementor-top-section elementor-element elementor-element-6403e80 elementor-section-boxed elementor-section-height-default elementor-section-height-default\" data-id=\"6403e80\" data-element_type=\"section\" data-e-type=\"section\">\n\t\t\t\t\t\t<div class=\"elementor-container elementor-column-gap-default\">\n\t\t\t\t\t<div class=\"elementor-column elementor-col-100 elementor-top-column elementor-element elementor-element-ccd49c2\" data-id=\"ccd49c2\" data-element_type=\"column\" data-e-type=\"column\">\n\t\t\t<div class=\"elementor-widget-wrap elementor-element-populated\">\n\t\t\t\t\t\t<div class=\"elementor-element elementor-element-805371b elementor-widget elementor-widget-text-editor\" data-id=\"805371b\" data-element_type=\"widget\" data-e-type=\"widget\" data-widget_type=\"text-editor.default\">\n\t\t\t\t<div class=\"elementor-widget-container\">\n\t\t\t\t\t\t\t\t\t<p data-pm-slice=\"1 1 []\">En estos premios se reconoci\u00f3 la arqueococina que practica Juan Regis en su<a href=\"https:\/\/restaurantelacerdanya.es\/\"><strong> Restaurante La Cerdanya<\/strong><\/a>, en Cartagena, desde donde trabaja para recuperar ingredientes, platos y pr\u00e1cticas, y todo ello mediante la innovaci\u00f3n y la investigaci\u00f3n.<\/p>\t\t\t\t\t\t\t\t<\/div>\n\t\t\t\t<\/div>\n\t\t\t\t\t<\/div>\n\t\t<\/div>\n\t\t\t\t\t<\/div>\n\t\t<\/section>\n\t\t\t\t<section class=\"elementor-section elementor-top-section elementor-element elementor-element-31dc413 elementor-section-boxed elementor-section-height-default elementor-section-height-default\" data-id=\"31dc413\" data-element_type=\"section\" data-e-type=\"section\">\n\t\t\t\t\t\t<div class=\"elementor-container elementor-column-gap-default\">\n\t\t\t\t\t<div class=\"elementor-column elementor-col-100 elementor-top-column elementor-element elementor-element-1cfa295\" data-id=\"1cfa295\" data-element_type=\"column\" data-e-type=\"column\">\n\t\t\t<div class=\"elementor-widget-wrap elementor-element-populated\">\n\t\t\t\t\t\t<div class=\"elementor-element elementor-element-ff1a40c elementor-widget elementor-widget-text-editor\" data-id=\"ff1a40c\" data-element_type=\"widget\" data-e-type=\"widget\" data-widget_type=\"text-editor.default\">\n\t\t\t\t<div class=\"elementor-widget-container\">\n\t\t\t\t\t\t\t\t\t<p data-pm-slice=\"1 1 []\">Juan Regis es tambi\u00e9n un fiel <a href=\"https:\/\/pujante.com\/en\/showcooking-en-espacio-de-cocina-spar-con-juan-regis-y-pujante-plus\/\">colaborador nuestro<\/a>, en <strong>Pujante<\/strong>, en el proceso de recuperaci\u00f3n de nuestra gallina murciana, raza aut\u00f3ctona de la Regi\u00f3n de Murcia.<\/p>\t\t\t\t\t\t\t\t<\/div>\n\t\t\t\t<\/div>\n\t\t\t\t\t<\/div>\n\t\t<\/div>\n\t\t\t\t\t<\/div>\n\t\t<\/section>\n\t\t\t\t<section class=\"elementor-section elementor-top-section elementor-element elementor-element-696179e elementor-section-boxed elementor-section-height-default elementor-section-height-default\" data-id=\"696179e\" data-element_type=\"section\" data-e-type=\"section\">\n\t\t\t\t\t\t<div class=\"elementor-container elementor-column-gap-default\">\n\t\t\t\t\t<div class=\"elementor-column elementor-col-50 elementor-top-column elementor-element elementor-element-7f1a093\" data-id=\"7f1a093\" data-element_type=\"column\" data-e-type=\"column\">\n\t\t\t<div class=\"elementor-widget-wrap elementor-element-populated\">\n\t\t\t\t\t\t<div class=\"elementor-element elementor-element-0e31ee9 elementor-widget elementor-widget-image\" data-id=\"0e31ee9\" data-element_type=\"widget\" data-e-type=\"widget\" data-widget_type=\"image.default\">\n\t\t\t\t<div class=\"elementor-widget-container\">\n\t\t\t\t\t\t\t\t\t\t\t\t<figure class=\"wp-caption\">\n\t\t\t\t\t\t\t\t\t\t<img decoding=\"async\" src=\"https:\/\/pujante.com\/wp-content\/uploads\/elementor\/thumbs\/Captura-de-pantalla-2024-08-27-a-las-8.50.30-r1g0xxw1aph3znxbg5patte3a86pa3745trn1dnurs.jpg\" title=\"Sostenibilidad Gallina Murciana\" alt=\"Sostenibilidad Gallina Murciana\" loading=\"lazy\" \/>\t\t\t\t\t\t\t\t\t\t\t<figcaption class=\"widget-image-caption wp-caption-text\">Juan Regis, conductor del espacio 'Comprometidos con la Gallina Murciana' del Programa Oro Mol\u00edo de 7TVRM.<\/figcaption>\n\t\t\t\t\t\t\t\t\t\t<\/figure>\n\t\t\t\t\t\t\t\t\t<\/div>\n\t\t\t\t<\/div>\n\t\t\t\t\t<\/div>\n\t\t<\/div>\n\t\t\t\t<div class=\"elementor-column elementor-col-50 elementor-top-column elementor-element elementor-element-990a5be\" data-id=\"990a5be\" data-element_type=\"column\" data-e-type=\"column\">\n\t\t\t<div class=\"elementor-widget-wrap elementor-element-populated\">\n\t\t\t\t\t\t<div class=\"elementor-element elementor-element-77c0dba elementor-widget elementor-widget-image\" data-id=\"77c0dba\" data-element_type=\"widget\" data-e-type=\"widget\" data-widget_type=\"image.default\">\n\t\t\t\t<div class=\"elementor-widget-container\">\n\t\t\t\t\t\t\t\t\t\t\t\t\t\t\t<img decoding=\"async\" src=\"https:\/\/pujante.com\/wp-content\/uploads\/IMAGEN-DESTACADA-BLOG-VERDOLAGA.jpg\" title=\"\" alt=\"\" loading=\"lazy\" \/>\t\t\t\t\t\t\t\t\t\t\t\t\t\t\t<\/div>\n\t\t\t\t<\/div>\n\t\t\t\t\t<\/div>\n\t\t<\/div>\n\t\t\t\t\t<\/div>\n\t\t<\/section>\n\t\t\t\t<section class=\"elementor-section elementor-top-section elementor-element elementor-element-3233209 elementor-section-boxed elementor-section-height-default elementor-section-height-default\" data-id=\"3233209\" data-element_type=\"section\" data-e-type=\"section\">\n\t\t\t\t\t\t<div class=\"elementor-container elementor-column-gap-default\">\n\t\t\t\t\t<div class=\"elementor-column elementor-col-100 elementor-top-column elementor-element elementor-element-0266314\" data-id=\"0266314\" data-element_type=\"column\" data-e-type=\"column\">\n\t\t\t<div class=\"elementor-widget-wrap\">\n\t\t\t\t\t\t\t<\/div>\n\t\t<\/div>\n\t\t\t\t\t<\/div>\n\t\t<\/section>\n\t\t\t\t<section class=\"elementor-section elementor-top-section elementor-element elementor-element-bb83fa8 elementor-section-boxed elementor-section-height-default elementor-section-height-default\" data-id=\"bb83fa8\" data-element_type=\"section\" data-e-type=\"section\">\n\t\t\t\t\t\t<div class=\"elementor-container elementor-column-gap-default\">\n\t\t\t\t\t<div class=\"elementor-column elementor-col-100 elementor-top-column elementor-element elementor-element-74a33c6\" data-id=\"74a33c6\" data-element_type=\"column\" data-e-type=\"column\">\n\t\t\t<div class=\"elementor-widget-wrap elementor-element-populated\">\n\t\t\t\t\t\t<div class=\"elementor-element elementor-element-2647a6d elementor-widget elementor-widget-text-editor\" data-id=\"2647a6d\" data-element_type=\"widget\" data-e-type=\"widget\" data-widget_type=\"text-editor.default\">\n\t\t\t\t<div class=\"elementor-widget-container\">\n\t\t\t\t\t\t\t\t\t<p data-pm-slice=\"1 1 []\">La arqueococina, es decir, la cocina antigua, se sirve de las <strong>t\u00e9cnicas <\/strong>y<strong> materias primas de anta\u00f1o<\/strong> para crear experiencias gastron\u00f3micas extraordinarias.<\/p>\t\t\t\t\t\t\t\t<\/div>\n\t\t\t\t<\/div>\n\t\t\t\t\t<\/div>\n\t\t<\/div>\n\t\t\t\t\t<\/div>\n\t\t<\/section>\n\t\t\t\t<section class=\"elementor-section elementor-top-section elementor-element elementor-element-1b198a4 elementor-section-boxed elementor-section-height-default elementor-section-height-default\" data-id=\"1b198a4\" data-element_type=\"section\" data-e-type=\"section\">\n\t\t\t\t\t\t<div class=\"elementor-container elementor-column-gap-default\">\n\t\t\t\t\t<div class=\"elementor-column elementor-col-100 elementor-top-column elementor-element elementor-element-378cb1d\" data-id=\"378cb1d\" data-element_type=\"column\" data-e-type=\"column\">\n\t\t\t<div class=\"elementor-widget-wrap elementor-element-populated\">\n\t\t\t\t\t\t<div class=\"elementor-element elementor-element-11b7e7a elementor-widget elementor-widget-image\" data-id=\"11b7e7a\" data-element_type=\"widget\" data-e-type=\"widget\" data-widget_type=\"image.default\">\n\t\t\t\t<div class=\"elementor-widget-container\">\n\t\t\t\t\t\t\t\t\t\t\t\t\t\t\t<img fetchpriority=\"high\" decoding=\"async\" width=\"768\" height=\"428\" src=\"https:\/\/pujante.com\/wp-content\/uploads\/ORO-MOLIO-RECETA-JUAN-REGIS-768x428.jpg\" class=\"attachment-medium_large size-medium_large wp-image-18114\" alt=\"\" srcset=\"https:\/\/pujante.com\/wp-content\/uploads\/ORO-MOLIO-RECETA-JUAN-REGIS-768x428.jpg 768w, https:\/\/pujante.com\/wp-content\/uploads\/ORO-MOLIO-RECETA-JUAN-REGIS-600x334.jpg 600w, https:\/\/pujante.com\/wp-content\/uploads\/ORO-MOLIO-RECETA-JUAN-REGIS.jpg 1515w\" sizes=\"(max-width: 768px) 100vw, 768px\" \/>\t\t\t\t\t\t\t\t\t\t\t\t\t\t\t<\/div>\n\t\t\t\t<\/div>\n\t\t\t\t\t<\/div>\n\t\t<\/div>\n\t\t\t\t\t<\/div>\n\t\t<\/section>\n\t\t\t\t<section class=\"elementor-section elementor-top-section elementor-element elementor-element-fc0a477 elementor-section-boxed elementor-section-height-default elementor-section-height-default\" data-id=\"fc0a477\" data-element_type=\"section\" data-e-type=\"section\">\n\t\t\t\t\t\t<div class=\"elementor-container elementor-column-gap-default\">\n\t\t\t\t\t<div class=\"elementor-column elementor-col-100 elementor-top-column elementor-element elementor-element-7f2c47e\" data-id=\"7f2c47e\" data-element_type=\"column\" data-e-type=\"column\">\n\t\t\t<div class=\"elementor-widget-wrap\">\n\t\t\t\t\t\t\t<\/div>\n\t\t<\/div>\n\t\t\t\t\t<\/div>\n\t\t<\/section>\n\t\t\t\t<section class=\"elementor-section elementor-top-section elementor-element elementor-element-c826bb8 elementor-section-boxed elementor-section-height-default elementor-section-height-default\" data-id=\"c826bb8\" data-element_type=\"section\" data-e-type=\"section\">\n\t\t\t\t\t\t<div class=\"elementor-container elementor-column-gap-default\">\n\t\t\t\t\t<div class=\"elementor-column elementor-col-100 elementor-top-column elementor-element elementor-element-2c38fd6\" data-id=\"2c38fd6\" data-element_type=\"column\" data-e-type=\"column\">\n\t\t\t<div class=\"elementor-widget-wrap elementor-element-populated\">\n\t\t\t\t\t\t<div class=\"elementor-element elementor-element-4237a5b elementor-widget elementor-widget-text-editor\" data-id=\"4237a5b\" data-element_type=\"widget\" data-e-type=\"widget\" data-widget_type=\"text-editor.default\">\n\t\t\t\t<div class=\"elementor-widget-container\">\n\t\t\t\t\t\t\t\t\t<p data-pm-slice=\"1 1 []\">As\u00ed, la gastronom\u00eda tradicional es considerada m\u00e1s sostenible por su uso de ingredientes locales y de temporada, la minimizaci\u00f3n del desperdicio alimentario y la menor dependencia de alimentos procesados.<\/p>\t\t\t\t\t\t\t\t<\/div>\n\t\t\t\t<\/div>\n\t\t\t\t\t<\/div>\n\t\t<\/div>\n\t\t\t\t\t<\/div>\n\t\t<\/section>\n\t\t\t\t<section class=\"elementor-section elementor-top-section elementor-element elementor-element-264210d elementor-section-boxed elementor-section-height-default elementor-section-height-default\" data-id=\"264210d\" data-element_type=\"section\" data-e-type=\"section\">\n\t\t\t\t\t\t<div class=\"elementor-container elementor-column-gap-default\">\n\t\t\t\t\t<div class=\"elementor-column elementor-col-100 elementor-top-column elementor-element elementor-element-05f6e0c\" data-id=\"05f6e0c\" data-element_type=\"column\" data-e-type=\"column\">\n\t\t\t<div class=\"elementor-widget-wrap elementor-element-populated\">\n\t\t\t\t\t\t<div class=\"elementor-element elementor-element-b925800 elementor-widget__width-initial elementor-widget elementor-widget-text-editor\" data-id=\"b925800\" data-element_type=\"widget\" data-e-type=\"widget\" data-widget_type=\"text-editor.default\">\n\t\t\t\t<div class=\"elementor-widget-container\">\n\t\t\t\t\t\t\t\t\t<p>Y en Pujante estamos comprometidos con esta mejora continua de la sostenibilidad de la Gallina Murciana, y lo hacemos a trav\u00e9s de una nutrici\u00f3n optimizada y adaptada a cada especie, y elaborada, de manera especial, en nuestro Centro de Nutrici\u00f3n Animal.<\/p>\t\t\t\t\t\t\t\t<\/div>\n\t\t\t\t<\/div>\n\t\t\t\t\t<\/div>\n\t\t<\/div>\n\t\t\t\t\t<\/div>\n\t\t<\/section>\n\t\t\t\t<section class=\"elementor-section elementor-top-section elementor-element elementor-element-024b900 elementor-section-boxed elementor-section-height-default elementor-section-height-default\" data-id=\"024b900\" data-element_type=\"section\" data-e-type=\"section\">\n\t\t\t\t\t\t<div class=\"elementor-container elementor-column-gap-default\">\n\t\t\t\t\t<div class=\"elementor-column elementor-col-100 elementor-top-column elementor-element elementor-element-f3ee889\" data-id=\"f3ee889\" data-element_type=\"column\" data-e-type=\"column\">\n\t\t\t<div class=\"elementor-widget-wrap elementor-element-populated\">\n\t\t\t\t\t\t<div class=\"elementor-element elementor-element-6fee4be elementor-widget elementor-widget-text-editor\" data-id=\"6fee4be\" data-element_type=\"widget\" data-e-type=\"widget\" data-widget_type=\"text-editor.default\">\n\t\t\t\t<div class=\"elementor-widget-container\">\n\t\t\t\t\t\t\t\t\t<p data-pm-slice=\"1 1 []\">Tal y como nuestro compa\u00f1ero<strong> Juan Antonio Hern\u00e1ndez Pujante <\/strong>explicaba a Juan Regis en su visita a la Estaci\u00f3n Experimental Agroalimentaria Tom\u00e1s Ferro de la Universidad Polit\u00e9cnica de Cartagena.<\/p>\t\t\t\t\t\t\t\t<\/div>\n\t\t\t\t<\/div>\n\t\t\t\t\t<\/div>\n\t\t<\/div>\n\t\t\t\t\t<\/div>\n\t\t<\/section>\n\t\t\t\t<section class=\"elementor-section elementor-top-section elementor-element elementor-element-8828600 elementor-section-boxed elementor-section-height-default elementor-section-height-default\" data-id=\"8828600\" data-element_type=\"section\" data-e-type=\"section\">\n\t\t\t\t\t\t<div class=\"elementor-container elementor-column-gap-default\">\n\t\t\t\t\t<div class=\"elementor-column elementor-col-100 elementor-top-column elementor-element elementor-element-b38277d\" data-id=\"b38277d\" data-element_type=\"column\" data-e-type=\"column\">\n\t\t\t<div class=\"elementor-widget-wrap elementor-element-populated\">\n\t\t\t\t\t\t<div class=\"elementor-element elementor-element-0fa8399 elementor-widget elementor-widget-video\" data-id=\"0fa8399\" data-element_type=\"widget\" data-e-type=\"widget\" data-settings=\"{&quot;youtube_url&quot;:&quot;https:\\\/\\\/youtu.be\\\/wZfnEjoUQuY?si=1oLk_dfUBWIoaE7m&quot;,&quot;video_type&quot;:&quot;youtube&quot;,&quot;controls&quot;:&quot;yes&quot;}\" data-widget_type=\"video.default\">\n\t\t\t\t<div class=\"elementor-widget-container\">\n\t\t\t\t\t\t\t<div class=\"elementor-wrapper elementor-open-inline\">\n\t\t\t<div class=\"elementor-video\"><\/div>\t\t<\/div>\n\t\t\t\t\t\t<\/div>\n\t\t\t\t<\/div>\n\t\t\t\t\t<\/div>\n\t\t<\/div>\n\t\t\t\t\t<\/div>\n\t\t<\/section>\n\t\t\t\t<section class=\"elementor-section elementor-top-section elementor-element elementor-element-a93f149 elementor-section-boxed elementor-section-height-default elementor-section-height-default\" data-id=\"a93f149\" data-element_type=\"section\" data-e-type=\"section\">\n\t\t\t\t\t\t<div class=\"elementor-container elementor-column-gap-default\">\n\t\t\t\t\t<div class=\"elementor-column elementor-col-100 elementor-top-column elementor-element elementor-element-0244d86\" data-id=\"0244d86\" data-element_type=\"column\" data-e-type=\"column\">\n\t\t\t<div class=\"elementor-widget-wrap\">\n\t\t\t\t\t\t\t<\/div>\n\t\t<\/div>\n\t\t\t\t\t<\/div>\n\t\t<\/section>\n\t\t\t\t<section class=\"elementor-section elementor-top-section elementor-element elementor-element-1cb9721 elementor-section-boxed elementor-section-height-default elementor-section-height-default\" data-id=\"1cb9721\" data-element_type=\"section\" data-e-type=\"section\">\n\t\t\t\t\t\t<div class=\"elementor-container elementor-column-gap-default\">\n\t\t\t\t\t<div class=\"elementor-column elementor-col-100 elementor-top-column elementor-element elementor-element-18f6812\" data-id=\"18f6812\" data-element_type=\"column\" data-e-type=\"column\">\n\t\t\t<div class=\"elementor-widget-wrap elementor-element-populated\">\n\t\t\t\t\t\t<div class=\"elementor-element elementor-element-86fb7ec elementor-widget elementor-widget-text-editor\" data-id=\"86fb7ec\" data-element_type=\"widget\" data-e-type=\"widget\" data-widget_type=\"text-editor.default\">\n\t\t\t\t<div class=\"elementor-widget-container\">\n\t\t\t\t\t\t\t\t\t<p>El maestro Juan Regis prepara excepcionales recetas con nuestro <strong>Pujante+ (Plus)<\/strong>, el pollo nacido y criado en la Regi\u00f3n de Murcia, alimentado con las mejores materias primas de la tierra (cereales y ma\u00edz)<\/p>\t\t\t\t\t\t\t\t<\/div>\n\t\t\t\t<\/div>\n\t\t\t\t\t<\/div>\n\t\t<\/div>\n\t\t\t\t\t<\/div>\n\t\t<\/section>\n\t\t\t\t<section class=\"elementor-section elementor-top-section elementor-element elementor-element-63ad864 elementor-section-boxed elementor-section-height-default elementor-section-height-default\" data-id=\"63ad864\" data-element_type=\"section\" data-e-type=\"section\">\n\t\t\t\t\t\t<div class=\"elementor-container elementor-column-gap-default\">\n\t\t\t\t\t<div class=\"elementor-column elementor-col-100 elementor-top-column elementor-element elementor-element-acf5127\" data-id=\"acf5127\" data-element_type=\"column\" data-e-type=\"column\">\n\t\t\t<div class=\"elementor-widget-wrap\">\n\t\t\t\t\t\t\t<\/div>\n\t\t<\/div>\n\t\t\t\t\t<\/div>\n\t\t<\/section>\n\t\t\t\t<section class=\"elementor-section elementor-top-section elementor-element elementor-element-cda875a elementor-section-boxed elementor-section-height-default elementor-section-height-default\" data-id=\"cda875a\" data-element_type=\"section\" data-e-type=\"section\">\n\t\t\t\t\t\t<div class=\"elementor-container elementor-column-gap-default\">\n\t\t\t\t\t<div class=\"elementor-column elementor-col-100 elementor-top-column elementor-element elementor-element-26dc0e9\" data-id=\"26dc0e9\" data-element_type=\"column\" data-e-type=\"column\">\n\t\t\t<div class=\"elementor-widget-wrap elementor-element-populated\">\n\t\t\t\t\t\t<div class=\"elementor-element elementor-element-6ca3e80 elementor-arrows-position-inside elementor-pagination-position-outside elementor-widget elementor-widget-image-carousel\" data-id=\"6ca3e80\" data-element_type=\"widget\" data-e-type=\"widget\" data-settings=\"{&quot;slides_to_show&quot;:&quot;3&quot;,&quot;navigation&quot;:&quot;both&quot;,&quot;autoplay&quot;:&quot;yes&quot;,&quot;pause_on_hover&quot;:&quot;yes&quot;,&quot;pause_on_interaction&quot;:&quot;yes&quot;,&quot;autoplay_speed&quot;:5000,&quot;infinite&quot;:&quot;yes&quot;,&quot;speed&quot;:500}\" data-widget_type=\"image-carousel.default\">\n\t\t\t\t<div class=\"elementor-widget-container\">\n\t\t\t\t\t\t\t<div class=\"elementor-image-carousel-wrapper swiper\" role=\"region\" aria-roledescription=\"carousel\" aria-label=\"Image Carousel\" dir=\"ltr\">\n\t\t\t<div class=\"elementor-image-carousel swiper-wrapper\" aria-live=\"off\">\n\t\t\t\t\t\t\t\t<div class=\"swiper-slide\" role=\"group\" aria-roledescription=\"slide\" aria-label=\"1 of 5\"><figure class=\"swiper-slide-inner\"><img decoding=\"async\" class=\"swiper-slide-image\" src=\"https:\/\/pujante.com\/wp-content\/uploads\/Calendario_Pujante_2024_DSC7629-1-scaled-1-300x300.jpg\" alt=\"Calendario_Pujante_2024_DSC7629 (1)\" \/><\/figure><\/div><div class=\"swiper-slide\" role=\"group\" aria-roledescription=\"slide\" aria-label=\"2 of 5\"><figure class=\"swiper-slide-inner\"><img decoding=\"async\" class=\"swiper-slide-image\" src=\"https:\/\/pujante.com\/wp-content\/uploads\/Calendario_Pujante_2024_DSC7776-1-scaled-1-300x300.jpg\" alt=\"Calendario_Pujante_2024_DSC7776 (1)\" \/><\/figure><\/div><div class=\"swiper-slide\" role=\"group\" aria-roledescription=\"slide\" aria-label=\"3 of 5\"><figure class=\"swiper-slide-inner\"><img decoding=\"async\" class=\"swiper-slide-image\" src=\"https:\/\/pujante.com\/wp-content\/uploads\/Calendario_Pujante_2024_DSC7889-1-scaled-1-300x300.jpg\" alt=\"Calendario_Pujante_2024_DSC7889 (1)\" \/><\/figure><\/div><div class=\"swiper-slide\" role=\"group\" aria-roledescription=\"slide\" aria-label=\"4 of 5\"><figure class=\"swiper-slide-inner\"><img decoding=\"async\" class=\"swiper-slide-image\" src=\"https:\/\/pujante.com\/wp-content\/uploads\/Receta-Juan-Regis-8619-3-300x300.jpg\" alt=\"Receta Juan Regis-8619 (3)\" \/><\/figure><\/div><div class=\"swiper-slide\" role=\"group\" aria-roledescription=\"slide\" aria-label=\"5 of 5\"><figure class=\"swiper-slide-inner\"><img decoding=\"async\" class=\"swiper-slide-image\" src=\"https:\/\/pujante.com\/wp-content\/uploads\/Calendario_Pujante_2024_DSC7602-Mejorado-NR-1-scaled.jpg\" alt=\"\" \/><\/figure><\/div>\t\t\t<\/div>\n\t\t\t\t\t\t\t\t\t\t\t\t<div class=\"elementor-swiper-button elementor-swiper-button-prev\" role=\"button\" tabindex=\"0\">\n\t\t\t\t\t\t<svg aria-hidden=\"true\" class=\"e-font-icon-svg e-eicon-chevron-left\" viewbox=\"0 0 1000 1000\" xmlns=\"http:\/\/www.w3.org\/2000\/svg\"><path d=\"M646 125C629 125 613 133 604 142L308 442C296 454 292 471 292 487 292 504 296 521 308 533L604 854C617 867 629 875 646 875 663 875 679 871 692 858 704 846 713 829 713 812 713 796 708 779 692 767L438 487 692 225C700 217 708 204 708 187 708 171 704 154 692 142 675 129 663 125 646 125Z\"><\/path><\/svg>\t\t\t\t\t<\/div>\n\t\t\t\t\t<div class=\"elementor-swiper-button elementor-swiper-button-next\" role=\"button\" tabindex=\"0\">\n\t\t\t\t\t\t<svg aria-hidden=\"true\" class=\"e-font-icon-svg e-eicon-chevron-right\" viewbox=\"0 0 1000 1000\" xmlns=\"http:\/\/www.w3.org\/2000\/svg\"><path d=\"M696 533C708 521 713 504 713 487 713 471 708 454 696 446L400 146C388 133 375 125 354 125 338 125 325 129 313 142 300 154 292 171 292 187 292 204 296 221 308 233L563 492 304 771C292 783 288 800 288 817 288 833 296 850 308 863 321 871 338 875 354 875 371 875 388 867 400 854L696 533Z\"><\/path><\/svg>\t\t\t\t\t<\/div>\n\t\t\t\t\n\t\t\t\t\t\t\t\t\t<div class=\"swiper-pagination\"><\/div>\n\t\t\t\t\t\t\t\t\t<\/div>\n\t\t\t\t\t\t<\/div>\n\t\t\t\t<\/div>\n\t\t\t\t<div class=\"elementor-element elementor-element-00d23bd elementor-widget elementor-widget-spacer\" data-id=\"00d23bd\" data-element_type=\"widget\" data-e-type=\"widget\" data-widget_type=\"spacer.default\">\n\t\t\t\t<div class=\"elementor-widget-container\">\n\t\t\t\t\t\t\t<div class=\"elementor-spacer\">\n\t\t\t<div class=\"elementor-spacer-inner\"><\/div>\n\t\t<\/div>\n\t\t\t\t\t\t<\/div>\n\t\t\t\t<\/div>\n\t\t\t\t\t<\/div>\n\t\t<\/div>\n\t\t\t\t\t<\/div>\n\t\t<\/section>\n\t\t\t\t<section class=\"elementor-section elementor-top-section elementor-element elementor-element-5bbb132 elementor-section-boxed elementor-section-height-default elementor-section-height-default\" data-id=\"5bbb132\" data-element_type=\"section\" data-e-type=\"section\">\n\t\t\t\t\t\t<div class=\"elementor-container elementor-column-gap-default\">\n\t\t\t\t\t<div class=\"elementor-column elementor-col-100 elementor-top-column elementor-element elementor-element-15e015d\" data-id=\"15e015d\" data-element_type=\"column\" data-e-type=\"column\">\n\t\t\t<div class=\"elementor-widget-wrap elementor-element-populated\">\n\t\t\t\t\t\t<div class=\"elementor-element elementor-element-d1ffe48 elementor-widget elementor-widget-text-editor\" data-id=\"d1ffe48\" data-element_type=\"widget\" data-e-type=\"widget\" data-widget_type=\"text-editor.default\">\n\t\t\t\t<div class=\"elementor-widget-container\">\n\t\t\t\t\t\t\t\t\t<p data-pm-slice=\"1 1 []\">Gracias, amigo Juan, por tu trabajo y esfuerzo por seguir haciendo de la gastronom\u00eda un viaje para nuestros sentidos.<\/p>\t\t\t\t\t\t\t\t<\/div>\n\t\t\t\t<\/div>\n\t\t\t\t\t<\/div>\n\t\t<\/div>\n\t\t\t\t\t<\/div>\n\t\t<\/section>\n\t\t\t\t<\/div>","protected":false},"excerpt":{"rendered":"<p>Juan Regis es un fiel colaborador de Pujante en el proceso de recuperaci\u00f3n de nuestra gallina murciana, raza aut\u00f3ctona de la Regi\u00f3n de Murcia.<\/p>","protected":false},"author":3,"featured_media":19324,"comment_status":"open","ping_status":"open","sticky":false,"template":"","format":"standard","meta":{"_acf_changed":false,"footnotes":""},"categories":[1],"tags":[],"class_list":["post-19237","post","type-post","status-publish","format-standard","has-post-thumbnail","hentry","category-sin-categoria"],"acf":[],"yoast_head":"<!-- This site is optimized with the Yoast SEO plugin v27.5 - https:\/\/yoast.com\/product\/yoast-seo-wordpress\/ -->\n<title>Premio a la Arqueococina de Juan Regis - Pujante<\/title>\n<meta name=\"description\" content=\"En estos premios se reconoci\u00f3 la arqueococina que practica Juan Regis en su restaurante La Cerdanya, en Cartagena, desde donde trabaja.\" \/>\n<meta name=\"robots\" content=\"index, follow, max-snippet:-1, max-image-preview:large, max-video-preview:-1\" \/>\n<link rel=\"canonical\" href=\"https:\/\/pujante.com\/en\/premio-a-la-arqueococina-de-juan-regis\/\" \/>\n<meta property=\"og:locale\" content=\"en_US\" \/>\n<meta property=\"og:type\" content=\"article\" \/>\n<meta property=\"og:title\" content=\"Premio a la Arqueococina de Juan Regis - Pujante\" \/>\n<meta property=\"og:description\" content=\"En estos premios se reconoci\u00f3 la arqueococina que practica Juan Regis en su restaurante La Cerdanya, en Cartagena, desde donde trabaja.\" \/>\n<meta property=\"og:url\" content=\"https:\/\/pujante.com\/en\/premio-a-la-arqueococina-de-juan-regis\/\" \/>\n<meta property=\"og:site_name\" content=\"Pujante\" \/>\n<meta property=\"article:published_time\" content=\"2024-12-17T11:32:43+00:00\" \/>\n<meta property=\"og:image\" content=\"https:\/\/pujante.com\/wp-content\/uploads\/Imagen-Destacada-Blog-Premio-Juan-Regis.jpg\" \/>\n\t<meta property=\"og:image:width\" content=\"1440\" \/>\n\t<meta property=\"og:image:height\" content=\"532\" \/>\n\t<meta property=\"og:image:type\" content=\"image\/jpeg\" \/>\n<meta name=\"author\" content=\"La Pecera\" \/>\n<meta name=\"twitter:card\" content=\"summary_large_image\" \/>\n<meta name=\"twitter:label1\" content=\"Written by\" \/>\n\t<meta name=\"twitter:data1\" content=\"La Pecera\" \/>\n\t<meta name=\"twitter:label2\" content=\"Est. reading time\" \/>\n\t<meta name=\"twitter:data2\" content=\"5 minutes\" \/>\n<script type=\"application\/ld+json\" class=\"yoast-schema-graph\">{\"@context\":\"https:\\\/\\\/schema.org\",\"@graph\":[{\"@type\":\"Article\",\"@id\":\"https:\\\/\\\/pujante.com\\\/premio-a-la-arqueococina-de-juan-regis\\\/#article\",\"isPartOf\":{\"@id\":\"https:\\\/\\\/pujante.com\\\/premio-a-la-arqueococina-de-juan-regis\\\/\"},\"author\":{\"name\":\"La Pecera\",\"@id\":\"https:\\\/\\\/pujante.com\\\/#\\\/schema\\\/person\\\/54abf98d6d192e46e1d9b087bbe3c02a\"},\"headline\":\"Premio a la Arqueococina de Juan Regis\",\"datePublished\":\"2024-12-17T11:32:43+00:00\",\"mainEntityOfPage\":{\"@id\":\"https:\\\/\\\/pujante.com\\\/premio-a-la-arqueococina-de-juan-regis\\\/\"},\"wordCount\":441,\"commentCount\":0,\"image\":{\"@id\":\"https:\\\/\\\/pujante.com\\\/premio-a-la-arqueococina-de-juan-regis\\\/#primaryimage\"},\"thumbnailUrl\":\"https:\\\/\\\/pujante.com\\\/wp-content\\\/uploads\\\/Imagen-Destacada-Blog-Premio-Juan-Regis.jpg\",\"articleSection\":[\"Sin categor\u00eda\"],\"inLanguage\":\"en-US\",\"potentialAction\":[{\"@type\":\"CommentAction\",\"name\":\"Comment\",\"target\":[\"https:\\\/\\\/pujante.com\\\/premio-a-la-arqueococina-de-juan-regis\\\/#respond\"]}]},{\"@type\":\"WebPage\",\"@id\":\"https:\\\/\\\/pujante.com\\\/premio-a-la-arqueococina-de-juan-regis\\\/\",\"url\":\"https:\\\/\\\/pujante.com\\\/premio-a-la-arqueococina-de-juan-regis\\\/\",\"name\":\"Premio a la Arqueococina de Juan Regis - Pujante\",\"isPartOf\":{\"@id\":\"https:\\\/\\\/pujante.com\\\/#website\"},\"primaryImageOfPage\":{\"@id\":\"https:\\\/\\\/pujante.com\\\/premio-a-la-arqueococina-de-juan-regis\\\/#primaryimage\"},\"image\":{\"@id\":\"https:\\\/\\\/pujante.com\\\/premio-a-la-arqueococina-de-juan-regis\\\/#primaryimage\"},\"thumbnailUrl\":\"https:\\\/\\\/pujante.com\\\/wp-content\\\/uploads\\\/Imagen-Destacada-Blog-Premio-Juan-Regis.jpg\",\"datePublished\":\"2024-12-17T11:32:43+00:00\",\"author\":{\"@id\":\"https:\\\/\\\/pujante.com\\\/#\\\/schema\\\/person\\\/54abf98d6d192e46e1d9b087bbe3c02a\"},\"description\":\"En estos premios se reconoci\u00f3 la arqueococina que practica Juan Regis en su restaurante La Cerdanya, en Cartagena, desde donde trabaja.\",\"breadcrumb\":{\"@id\":\"https:\\\/\\\/pujante.com\\\/premio-a-la-arqueococina-de-juan-regis\\\/#breadcrumb\"},\"inLanguage\":\"en-US\",\"potentialAction\":[{\"@type\":\"ReadAction\",\"target\":[\"https:\\\/\\\/pujante.com\\\/premio-a-la-arqueococina-de-juan-regis\\\/\"]}]},{\"@type\":\"ImageObject\",\"inLanguage\":\"en-US\",\"@id\":\"https:\\\/\\\/pujante.com\\\/premio-a-la-arqueococina-de-juan-regis\\\/#primaryimage\",\"url\":\"https:\\\/\\\/pujante.com\\\/wp-content\\\/uploads\\\/Imagen-Destacada-Blog-Premio-Juan-Regis.jpg\",\"contentUrl\":\"https:\\\/\\\/pujante.com\\\/wp-content\\\/uploads\\\/Imagen-Destacada-Blog-Premio-Juan-Regis.jpg\",\"width\":1440,\"height\":532},{\"@type\":\"BreadcrumbList\",\"@id\":\"https:\\\/\\\/pujante.com\\\/premio-a-la-arqueococina-de-juan-regis\\\/#breadcrumb\",\"itemListElement\":[{\"@type\":\"ListItem\",\"position\":1,\"name\":\"Portada\",\"item\":\"https:\\\/\\\/pujante.com\\\/\"},{\"@type\":\"ListItem\",\"position\":2,\"name\":\"Premio a la Arqueococina de Juan Regis\"}]},{\"@type\":\"WebSite\",\"@id\":\"https:\\\/\\\/pujante.com\\\/#website\",\"url\":\"https:\\\/\\\/pujante.com\\\/\",\"name\":\"Pujante\",\"description\":\"El \u00fanico pollo nacido y criado en la Regi\u00f3n de Murcia\",\"potentialAction\":[{\"@type\":\"SearchAction\",\"target\":{\"@type\":\"EntryPoint\",\"urlTemplate\":\"https:\\\/\\\/pujante.com\\\/?s={search_term_string}\"},\"query-input\":{\"@type\":\"PropertyValueSpecification\",\"valueRequired\":true,\"valueName\":\"search_term_string\"}}],\"inLanguage\":\"en-US\"},{\"@type\":\"Person\",\"@id\":\"https:\\\/\\\/pujante.com\\\/#\\\/schema\\\/person\\\/54abf98d6d192e46e1d9b087bbe3c02a\",\"name\":\"La Pecera\",\"image\":{\"@type\":\"ImageObject\",\"inLanguage\":\"en-US\",\"@id\":\"https:\\\/\\\/secure.gravatar.com\\\/avatar\\\/2bff88100e42a9412b8e36ac3218958174d7c1b0f31cd207f7faba8d6e287e4a?s=96&d=mm&r=g\",\"url\":\"https:\\\/\\\/secure.gravatar.com\\\/avatar\\\/2bff88100e42a9412b8e36ac3218958174d7c1b0f31cd207f7faba8d6e287e4a?s=96&d=mm&r=g\",\"contentUrl\":\"https:\\\/\\\/secure.gravatar.com\\\/avatar\\\/2bff88100e42a9412b8e36ac3218958174d7c1b0f31cd207f7faba8d6e287e4a?s=96&d=mm&r=g\",\"caption\":\"La Pecera\"},\"url\":\"https:\\\/\\\/pujante.com\\\/en\\\/author\\\/u5zgcw14\\\/\"}]}<\/script>\n<!-- \/ Yoast SEO plugin. -->","yoast_head_json":{"title":"Premio a la Arqueococina de Juan Regis - Pujante","description":"En estos premios se reconoci\u00f3 la arqueococina que practica Juan Regis en su restaurante La Cerdanya, en Cartagena, desde donde trabaja.","robots":{"index":"index","follow":"follow","max-snippet":"max-snippet:-1","max-image-preview":"max-image-preview:large","max-video-preview":"max-video-preview:-1"},"canonical":"https:\/\/pujante.com\/en\/premio-a-la-arqueococina-de-juan-regis\/","og_locale":"en_US","og_type":"article","og_title":"Premio a la Arqueococina de Juan Regis - Pujante","og_description":"En estos premios se reconoci\u00f3 la arqueococina que practica Juan Regis en su restaurante La Cerdanya, en Cartagena, desde donde trabaja.","og_url":"https:\/\/pujante.com\/en\/premio-a-la-arqueococina-de-juan-regis\/","og_site_name":"Pujante","article_published_time":"2024-12-17T11:32:43+00:00","og_image":[{"width":1440,"height":532,"url":"https:\/\/pujante.com\/wp-content\/uploads\/Imagen-Destacada-Blog-Premio-Juan-Regis.jpg","type":"image\/jpeg"}],"author":"La Pecera","twitter_card":"summary_large_image","twitter_misc":{"Written by":"La Pecera","Est. reading time":"5 minutes"},"schema":{"@context":"https:\/\/schema.org","@graph":[{"@type":"Article","@id":"https:\/\/pujante.com\/premio-a-la-arqueococina-de-juan-regis\/#article","isPartOf":{"@id":"https:\/\/pujante.com\/premio-a-la-arqueococina-de-juan-regis\/"},"author":{"name":"La Pecera","@id":"https:\/\/pujante.com\/#\/schema\/person\/54abf98d6d192e46e1d9b087bbe3c02a"},"headline":"Premio a la Arqueococina de Juan Regis","datePublished":"2024-12-17T11:32:43+00:00","mainEntityOfPage":{"@id":"https:\/\/pujante.com\/premio-a-la-arqueococina-de-juan-regis\/"},"wordCount":441,"commentCount":0,"image":{"@id":"https:\/\/pujante.com\/premio-a-la-arqueococina-de-juan-regis\/#primaryimage"},"thumbnailUrl":"https:\/\/pujante.com\/wp-content\/uploads\/Imagen-Destacada-Blog-Premio-Juan-Regis.jpg","articleSection":["Sin categor\u00eda"],"inLanguage":"en-US","potentialAction":[{"@type":"CommentAction","name":"Comment","target":["https:\/\/pujante.com\/premio-a-la-arqueococina-de-juan-regis\/#respond"]}]},{"@type":"WebPage","@id":"https:\/\/pujante.com\/premio-a-la-arqueococina-de-juan-regis\/","url":"https:\/\/pujante.com\/premio-a-la-arqueococina-de-juan-regis\/","name":"Premio a la Arqueococina de Juan Regis - Pujante","isPartOf":{"@id":"https:\/\/pujante.com\/#website"},"primaryImageOfPage":{"@id":"https:\/\/pujante.com\/premio-a-la-arqueococina-de-juan-regis\/#primaryimage"},"image":{"@id":"https:\/\/pujante.com\/premio-a-la-arqueococina-de-juan-regis\/#primaryimage"},"thumbnailUrl":"https:\/\/pujante.com\/wp-content\/uploads\/Imagen-Destacada-Blog-Premio-Juan-Regis.jpg","datePublished":"2024-12-17T11:32:43+00:00","author":{"@id":"https:\/\/pujante.com\/#\/schema\/person\/54abf98d6d192e46e1d9b087bbe3c02a"},"description":"En estos premios se reconoci\u00f3 la arqueococina que practica Juan Regis en su restaurante La Cerdanya, en Cartagena, desde donde trabaja.","breadcrumb":{"@id":"https:\/\/pujante.com\/premio-a-la-arqueococina-de-juan-regis\/#breadcrumb"},"inLanguage":"en-US","potentialAction":[{"@type":"ReadAction","target":["https:\/\/pujante.com\/premio-a-la-arqueococina-de-juan-regis\/"]}]},{"@type":"ImageObject","inLanguage":"en-US","@id":"https:\/\/pujante.com\/premio-a-la-arqueococina-de-juan-regis\/#primaryimage","url":"https:\/\/pujante.com\/wp-content\/uploads\/Imagen-Destacada-Blog-Premio-Juan-Regis.jpg","contentUrl":"https:\/\/pujante.com\/wp-content\/uploads\/Imagen-Destacada-Blog-Premio-Juan-Regis.jpg","width":1440,"height":532},{"@type":"BreadcrumbList","@id":"https:\/\/pujante.com\/premio-a-la-arqueococina-de-juan-regis\/#breadcrumb","itemListElement":[{"@type":"ListItem","position":1,"name":"Portada","item":"https:\/\/pujante.com\/"},{"@type":"ListItem","position":2,"name":"Premio a la Arqueococina de Juan Regis"}]},{"@type":"WebSite","@id":"https:\/\/pujante.com\/#website","url":"https:\/\/pujante.com\/","name":"Pujante","description":"El \u00fanico pollo nacido y criado en la Regi\u00f3n de Murcia","potentialAction":[{"@type":"SearchAction","target":{"@type":"EntryPoint","urlTemplate":"https:\/\/pujante.com\/?s={search_term_string}"},"query-input":{"@type":"PropertyValueSpecification","valueRequired":true,"valueName":"search_term_string"}}],"inLanguage":"en-US"},{"@type":"Person","@id":"https:\/\/pujante.com\/#\/schema\/person\/54abf98d6d192e46e1d9b087bbe3c02a","name":"La Pecera","image":{"@type":"ImageObject","inLanguage":"en-US","@id":"https:\/\/secure.gravatar.com\/avatar\/2bff88100e42a9412b8e36ac3218958174d7c1b0f31cd207f7faba8d6e287e4a?s=96&d=mm&r=g","url":"https:\/\/secure.gravatar.com\/avatar\/2bff88100e42a9412b8e36ac3218958174d7c1b0f31cd207f7faba8d6e287e4a?s=96&d=mm&r=g","contentUrl":"https:\/\/secure.gravatar.com\/avatar\/2bff88100e42a9412b8e36ac3218958174d7c1b0f31cd207f7faba8d6e287e4a?s=96&d=mm&r=g","caption":"La Pecera"},"url":"https:\/\/pujante.com\/en\/author\/u5zgcw14\/"}]}},"_links":{"self":[{"href":"https:\/\/pujante.com\/en\/wp-json\/wp\/v2\/posts\/19237","targetHints":{"allow":["GET"]}}],"collection":[{"href":"https:\/\/pujante.com\/en\/wp-json\/wp\/v2\/posts"}],"about":[{"href":"https:\/\/pujante.com\/en\/wp-json\/wp\/v2\/types\/post"}],"author":[{"embeddable":true,"href":"https:\/\/pujante.com\/en\/wp-json\/wp\/v2\/users\/3"}],"replies":[{"embeddable":true,"href":"https:\/\/pujante.com\/en\/wp-json\/wp\/v2\/comments?post=19237"}],"version-history":[{"count":0,"href":"https:\/\/pujante.com\/en\/wp-json\/wp\/v2\/posts\/19237\/revisions"}],"wp:featuredmedia":[{"embeddable":true,"href":"https:\/\/pujante.com\/en\/wp-json\/wp\/v2\/media\/19324"}],"wp:attachment":[{"href":"https:\/\/pujante.com\/en\/wp-json\/wp\/v2\/media?parent=19237"}],"wp:term":[{"taxonomy":"category","embeddable":true,"href":"https:\/\/pujante.com\/en\/wp-json\/wp\/v2\/categories?post=19237"},{"taxonomy":"post_tag","embeddable":true,"href":"https:\/\/pujante.com\/en\/wp-json\/wp\/v2\/tags?post=19237"}],"curies":[{"name":"wp","href":"https:\/\/api.w.org\/{rel}","templated":true}]}}