{"id":23171,"date":"2026-04-28T16:30:17","date_gmt":"2026-04-28T14:30:17","guid":{"rendered":"https:\/\/pujante.com\/?p=23171"},"modified":"2026-04-28T16:31:16","modified_gmt":"2026-04-28T14:31:16","slug":"pujante-se-convierte-en-patrocinador-oficial-de-la-34a-edicion-del-triatlon-internacional-villa-de-fuente-alamo","status":"publish","type":"post","link":"https:\/\/pujante.com\/en\/pujante-se-convierte-en-patrocinador-oficial-de-la-34a-edicion-del-triatlon-internacional-villa-de-fuente-alamo\/","title":{"rendered":"Pujante se convierte en patrocinador oficial de la 34\u00aa edici\u00f3n del Triatl\u00f3n de Fuente \u00c1lamo"},"content":{"rendered":"<p>Reforzamos nuestro compromiso con el deporte y la vida saludable convirti\u00e9ndonos en el patrocinador oficial del Triatl\u00f3n Internacional Villa de Fuente \u00c1lamo, una prueba emblem\u00e1tica del panorama nacional que, tras m\u00e1s de tres d\u00e9cadas de trayectoria, se ha consolidado como referente del triatl\u00f3n en Espa\u00f1a y como prueba clasificatoria para el Campeonato de Espa\u00f1a.<\/p>\n<p>La prueba, conocida como el \u2018triatl\u00f3n de los triatletas\u2019, reunir\u00e1 este s\u00e1bado 2 de mayo a cerca de 800 deportistas y mantendr\u00e1 su recorrido hist\u00f3rico, con salida en la Playa de Rihuete, en Mazarr\u00f3n, y meta en Fuente \u00c1lamo, donde vecinos, voluntarios y participantes vuelven a ser protagonistas de una jornada marcada por el compa\u00f1erismo.<\/p>\n<p>Para nosotros, formar parte de este evento va m\u00e1s all\u00e1 del patrocinio. Es una forma de apoyar iniciativas que promueven h\u00e1bitos de vida saludables y que reflejan valores con los que nos sentimos plenamente identificados, como el esfuerzo, la constancia y la superaci\u00f3n, tal y como destac\u00f3 Patricio Pujante, durante la rueda de prensa de presentaci\u00f3n de esta edici\u00f3n.<\/p>\n<p>Desde Pujante seguimos apostando por iniciativas que conectan con nuestra forma de entender la alimentaci\u00f3n y el bienestar, que fomentan un equilibrio entre nutrici\u00f3n, deporte y estilo de vida saludable y que est\u00e1n \u00edntimamente ligadas a nuestro territorio.<\/p>","protected":false},"excerpt":{"rendered":"<p>Reforzamos nuestro compromiso con el deporte y la vida saludable convirti\u00e9ndonos en el patrocinador oficial del Triatl\u00f3n Internacional Villa de Fuente \u00c1lamo, una prueba emblem\u00e1tica del panorama nacional que, tras m\u00e1s de tres d\u00e9cadas de trayectoria, se ha consolidado como referente del triatl\u00f3n en Espa\u00f1a y como prueba clasificatoria para el Campeonato de Espa\u00f1a. La [&hellip;]<\/p>","protected":false},"author":10,"featured_media":23172,"comment_status":"open","ping_status":"open","sticky":false,"template":"","format":"standard","meta":{"_acf_changed":false,"footnotes":""},"categories":[43,31],"tags":[],"class_list":["post-23171","post","type-post","status-publish","format-standard","has-post-thumbnail","hentry","category-noticias","category-novedades"],"acf":[],"yoast_head":"<!-- This site is optimized with the Yoast SEO plugin v26.8 - https:\/\/yoast.com\/product\/yoast-seo-wordpress\/ -->\n<title>Pujante se convierte en patrocinador oficial de la 34\u00aa edici\u00f3n del Triatl\u00f3n de Fuente \u00c1lamo - Pujante<\/title>\n<meta name=\"robots\" content=\"index, follow, max-snippet:-1, max-image-preview:large, max-video-preview:-1\" \/>\n<link rel=\"canonical\" href=\"https:\/\/pujante.com\/en\/pujante-se-convierte-en-patrocinador-oficial-de-la-34a-edicion-del-triatlon-internacional-villa-de-fuente-alamo\/\" \/>\n<meta property=\"og:locale\" content=\"en_US\" \/>\n<meta property=\"og:type\" content=\"article\" \/>\n<meta property=\"og:title\" content=\"Pujante se convierte en patrocinador oficial de la 34\u00aa edici\u00f3n del Triatl\u00f3n de Fuente \u00c1lamo - Pujante\" \/>\n<meta property=\"og:description\" content=\"Reforzamos nuestro compromiso con el deporte y la vida saludable convirti\u00e9ndonos en el patrocinador oficial del Triatl\u00f3n Internacional Villa de Fuente \u00c1lamo, una prueba emblem\u00e1tica del panorama nacional que, tras m\u00e1s de tres d\u00e9cadas de trayectoria, se ha consolidado como referente del triatl\u00f3n en Espa\u00f1a y como prueba clasificatoria para el Campeonato de Espa\u00f1a. La [&hellip;]\" \/>\n<meta property=\"og:url\" content=\"https:\/\/pujante.com\/en\/pujante-se-convierte-en-patrocinador-oficial-de-la-34a-edicion-del-triatlon-internacional-villa-de-fuente-alamo\/\" \/>\n<meta property=\"og:site_name\" content=\"Pujante\" \/>\n<meta property=\"article:published_time\" content=\"2026-04-28T14:30:17+00:00\" \/>\n<meta property=\"article:modified_time\" content=\"2026-04-28T14:31:16+00:00\" \/>\n<meta property=\"og:image\" content=\"https:\/\/pujante.com\/wp-content\/uploads\/IMG_6356-scaled.jpeg\" \/>\n\t<meta property=\"og:image:width\" content=\"2560\" \/>\n\t<meta property=\"og:image:height\" content=\"1440\" \/>\n\t<meta property=\"og:image:type\" content=\"image\/jpeg\" \/>\n<meta name=\"author\" content=\"Beatriz Martinez\" \/>\n<meta name=\"twitter:card\" content=\"summary_large_image\" \/>\n<meta name=\"twitter:label1\" content=\"Written by\" \/>\n\t<meta name=\"twitter:data1\" content=\"Beatriz Martinez\" \/>\n\t<meta name=\"twitter:label2\" content=\"Est. reading time\" \/>\n\t<meta name=\"twitter:data2\" content=\"2 minutes\" \/>\n<script type=\"application\/ld+json\" class=\"yoast-schema-graph\">{\"@context\":\"https:\/\/schema.org\",\"@graph\":[{\"@type\":\"Article\",\"@id\":\"https:\/\/pujante.com\/pujante-se-convierte-en-patrocinador-oficial-de-la-34a-edicion-del-triatlon-internacional-villa-de-fuente-alamo\/#article\",\"isPartOf\":{\"@id\":\"https:\/\/pujante.com\/pujante-se-convierte-en-patrocinador-oficial-de-la-34a-edicion-del-triatlon-internacional-villa-de-fuente-alamo\/\"},\"author\":{\"name\":\"Beatriz Martinez\",\"@id\":\"https:\/\/pujante.com\/#\/schema\/person\/68901bb4e2598b724c1ef93a66a9a42d\"},\"headline\":\"Pujante se convierte en patrocinador oficial de la 34\u00aa edici\u00f3n del Triatl\u00f3n de Fuente \u00c1lamo\",\"datePublished\":\"2026-04-28T14:30:17+00:00\",\"dateModified\":\"2026-04-28T14:31:16+00:00\",\"mainEntityOfPage\":{\"@id\":\"https:\/\/pujante.com\/pujante-se-convierte-en-patrocinador-oficial-de-la-34a-edicion-del-triatlon-internacional-villa-de-fuente-alamo\/\"},\"wordCount\":241,\"commentCount\":0,\"image\":{\"@id\":\"https:\/\/pujante.com\/pujante-se-convierte-en-patrocinador-oficial-de-la-34a-edicion-del-triatlon-internacional-villa-de-fuente-alamo\/#primaryimage\"},\"thumbnailUrl\":\"https:\/\/pujante.com\/wp-content\/uploads\/IMG_6356-scaled.jpeg\",\"articleSection\":[\"Noticias\",\"Novedades\"],\"inLanguage\":\"en-US\",\"potentialAction\":[{\"@type\":\"CommentAction\",\"name\":\"Comment\",\"target\":[\"https:\/\/pujante.com\/pujante-se-convierte-en-patrocinador-oficial-de-la-34a-edicion-del-triatlon-internacional-villa-de-fuente-alamo\/#respond\"]}]},{\"@type\":\"WebPage\",\"@id\":\"https:\/\/pujante.com\/pujante-se-convierte-en-patrocinador-oficial-de-la-34a-edicion-del-triatlon-internacional-villa-de-fuente-alamo\/\",\"url\":\"https:\/\/pujante.com\/pujante-se-convierte-en-patrocinador-oficial-de-la-34a-edicion-del-triatlon-internacional-villa-de-fuente-alamo\/\",\"name\":\"Pujante se convierte en patrocinador oficial de la 34\u00aa edici\u00f3n del Triatl\u00f3n de Fuente \u00c1lamo - Pujante\",\"isPartOf\":{\"@id\":\"https:\/\/pujante.com\/#website\"},\"primaryImageOfPage\":{\"@id\":\"https:\/\/pujante.com\/pujante-se-convierte-en-patrocinador-oficial-de-la-34a-edicion-del-triatlon-internacional-villa-de-fuente-alamo\/#primaryimage\"},\"image\":{\"@id\":\"https:\/\/pujante.com\/pujante-se-convierte-en-patrocinador-oficial-de-la-34a-edicion-del-triatlon-internacional-villa-de-fuente-alamo\/#primaryimage\"},\"thumbnailUrl\":\"https:\/\/pujante.com\/wp-content\/uploads\/IMG_6356-scaled.jpeg\",\"datePublished\":\"2026-04-28T14:30:17+00:00\",\"dateModified\":\"2026-04-28T14:31:16+00:00\",\"author\":{\"@id\":\"https:\/\/pujante.com\/#\/schema\/person\/68901bb4e2598b724c1ef93a66a9a42d\"},\"breadcrumb\":{\"@id\":\"https:\/\/pujante.com\/pujante-se-convierte-en-patrocinador-oficial-de-la-34a-edicion-del-triatlon-internacional-villa-de-fuente-alamo\/#breadcrumb\"},\"inLanguage\":\"en-US\",\"potentialAction\":[{\"@type\":\"ReadAction\",\"target\":[\"https:\/\/pujante.com\/pujante-se-convierte-en-patrocinador-oficial-de-la-34a-edicion-del-triatlon-internacional-villa-de-fuente-alamo\/\"]}]},{\"@type\":\"ImageObject\",\"inLanguage\":\"en-US\",\"@id\":\"https:\/\/pujante.com\/pujante-se-convierte-en-patrocinador-oficial-de-la-34a-edicion-del-triatlon-internacional-villa-de-fuente-alamo\/#primaryimage\",\"url\":\"https:\/\/pujante.com\/wp-content\/uploads\/IMG_6356-scaled.jpeg\",\"contentUrl\":\"https:\/\/pujante.com\/wp-content\/uploads\/IMG_6356-scaled.jpeg\",\"width\":2560,\"height\":1440},{\"@type\":\"BreadcrumbList\",\"@id\":\"https:\/\/pujante.com\/pujante-se-convierte-en-patrocinador-oficial-de-la-34a-edicion-del-triatlon-internacional-villa-de-fuente-alamo\/#breadcrumb\",\"itemListElement\":[{\"@type\":\"ListItem\",\"position\":1,\"name\":\"Portada\",\"item\":\"https:\/\/pujante.com\/\"},{\"@type\":\"ListItem\",\"position\":2,\"name\":\"Pujante se convierte en patrocinador oficial de la 34\u00aa edici\u00f3n del Triatl\u00f3n de Fuente \u00c1lamo\"}]},{\"@type\":\"WebSite\",\"@id\":\"https:\/\/pujante.com\/#website\",\"url\":\"https:\/\/pujante.com\/\",\"name\":\"Pujante\",\"description\":\"El \u00fanico pollo nacido y criado en la Regi\u00f3n de Murcia\",\"potentialAction\":[{\"@type\":\"SearchAction\",\"target\":{\"@type\":\"EntryPoint\",\"urlTemplate\":\"https:\/\/pujante.com\/?s={search_term_string}\"},\"query-input\":{\"@type\":\"PropertyValueSpecification\",\"valueRequired\":true,\"valueName\":\"search_term_string\"}}],\"inLanguage\":\"en-US\"},{\"@type\":\"Person\",\"@id\":\"https:\/\/pujante.com\/#\/schema\/person\/68901bb4e2598b724c1ef93a66a9a42d\",\"name\":\"Beatriz Martinez\",\"image\":{\"@type\":\"ImageObject\",\"inLanguage\":\"en-US\",\"@id\":\"https:\/\/pujante.com\/#\/schema\/person\/image\/\",\"url\":\"https:\/\/secure.gravatar.com\/avatar\/17bd4bae1a65099593cdfdc63b04c08d17a83ba972578372aa9f81eaa6d42ae8?s=96&d=mm&r=g\",\"contentUrl\":\"https:\/\/secure.gravatar.com\/avatar\/17bd4bae1a65099593cdfdc63b04c08d17a83ba972578372aa9f81eaa6d42ae8?s=96&d=mm&r=g\",\"caption\":\"Beatriz Martinez\"},\"sameAs\":[\"https:\/\/pujante.com\/\"],\"url\":\"https:\/\/pujante.com\/en\/author\/bea-martinez\/\"}]}<\/script>\n<!-- \/ Yoast SEO plugin. -->","yoast_head_json":{"title":"Pujante se convierte en patrocinador oficial de la 34\u00aa edici\u00f3n del Triatl\u00f3n de Fuente \u00c1lamo - Pujante","robots":{"index":"index","follow":"follow","max-snippet":"max-snippet:-1","max-image-preview":"max-image-preview:large","max-video-preview":"max-video-preview:-1"},"canonical":"https:\/\/pujante.com\/en\/pujante-se-convierte-en-patrocinador-oficial-de-la-34a-edicion-del-triatlon-internacional-villa-de-fuente-alamo\/","og_locale":"en_US","og_type":"article","og_title":"Pujante se convierte en patrocinador oficial de la 34\u00aa edici\u00f3n del Triatl\u00f3n de Fuente \u00c1lamo - Pujante","og_description":"Reforzamos nuestro compromiso con el deporte y la vida saludable convirti\u00e9ndonos en el patrocinador oficial del Triatl\u00f3n Internacional Villa de Fuente \u00c1lamo, una prueba emblem\u00e1tica del panorama nacional que, tras m\u00e1s de tres d\u00e9cadas de trayectoria, se ha consolidado como referente del triatl\u00f3n en Espa\u00f1a y como prueba clasificatoria para el Campeonato de Espa\u00f1a. La [&hellip;]","og_url":"https:\/\/pujante.com\/en\/pujante-se-convierte-en-patrocinador-oficial-de-la-34a-edicion-del-triatlon-internacional-villa-de-fuente-alamo\/","og_site_name":"Pujante","article_published_time":"2026-04-28T14:30:17+00:00","article_modified_time":"2026-04-28T14:31:16+00:00","og_image":[{"width":2560,"height":1440,"url":"https:\/\/pujante.com\/wp-content\/uploads\/IMG_6356-scaled.jpeg","type":"image\/jpeg"}],"author":"Beatriz Martinez","twitter_card":"summary_large_image","twitter_misc":{"Written by":"Beatriz Martinez","Est. reading time":"2 minutes"},"schema":{"@context":"https:\/\/schema.org","@graph":[{"@type":"Article","@id":"https:\/\/pujante.com\/pujante-se-convierte-en-patrocinador-oficial-de-la-34a-edicion-del-triatlon-internacional-villa-de-fuente-alamo\/#article","isPartOf":{"@id":"https:\/\/pujante.com\/pujante-se-convierte-en-patrocinador-oficial-de-la-34a-edicion-del-triatlon-internacional-villa-de-fuente-alamo\/"},"author":{"name":"Beatriz Martinez","@id":"https:\/\/pujante.com\/#\/schema\/person\/68901bb4e2598b724c1ef93a66a9a42d"},"headline":"Pujante se convierte en patrocinador oficial de la 34\u00aa edici\u00f3n del Triatl\u00f3n de Fuente \u00c1lamo","datePublished":"2026-04-28T14:30:17+00:00","dateModified":"2026-04-28T14:31:16+00:00","mainEntityOfPage":{"@id":"https:\/\/pujante.com\/pujante-se-convierte-en-patrocinador-oficial-de-la-34a-edicion-del-triatlon-internacional-villa-de-fuente-alamo\/"},"wordCount":241,"commentCount":0,"image":{"@id":"https:\/\/pujante.com\/pujante-se-convierte-en-patrocinador-oficial-de-la-34a-edicion-del-triatlon-internacional-villa-de-fuente-alamo\/#primaryimage"},"thumbnailUrl":"https:\/\/pujante.com\/wp-content\/uploads\/IMG_6356-scaled.jpeg","articleSection":["Noticias","Novedades"],"inLanguage":"en-US","potentialAction":[{"@type":"CommentAction","name":"Comment","target":["https:\/\/pujante.com\/pujante-se-convierte-en-patrocinador-oficial-de-la-34a-edicion-del-triatlon-internacional-villa-de-fuente-alamo\/#respond"]}]},{"@type":"WebPage","@id":"https:\/\/pujante.com\/pujante-se-convierte-en-patrocinador-oficial-de-la-34a-edicion-del-triatlon-internacional-villa-de-fuente-alamo\/","url":"https:\/\/pujante.com\/pujante-se-convierte-en-patrocinador-oficial-de-la-34a-edicion-del-triatlon-internacional-villa-de-fuente-alamo\/","name":"Pujante se convierte en patrocinador oficial de la 34\u00aa edici\u00f3n del Triatl\u00f3n de Fuente \u00c1lamo - Pujante","isPartOf":{"@id":"https:\/\/pujante.com\/#website"},"primaryImageOfPage":{"@id":"https:\/\/pujante.com\/pujante-se-convierte-en-patrocinador-oficial-de-la-34a-edicion-del-triatlon-internacional-villa-de-fuente-alamo\/#primaryimage"},"image":{"@id":"https:\/\/pujante.com\/pujante-se-convierte-en-patrocinador-oficial-de-la-34a-edicion-del-triatlon-internacional-villa-de-fuente-alamo\/#primaryimage"},"thumbnailUrl":"https:\/\/pujante.com\/wp-content\/uploads\/IMG_6356-scaled.jpeg","datePublished":"2026-04-28T14:30:17+00:00","dateModified":"2026-04-28T14:31:16+00:00","author":{"@id":"https:\/\/pujante.com\/#\/schema\/person\/68901bb4e2598b724c1ef93a66a9a42d"},"breadcrumb":{"@id":"https:\/\/pujante.com\/pujante-se-convierte-en-patrocinador-oficial-de-la-34a-edicion-del-triatlon-internacional-villa-de-fuente-alamo\/#breadcrumb"},"inLanguage":"en-US","potentialAction":[{"@type":"ReadAction","target":["https:\/\/pujante.com\/pujante-se-convierte-en-patrocinador-oficial-de-la-34a-edicion-del-triatlon-internacional-villa-de-fuente-alamo\/"]}]},{"@type":"ImageObject","inLanguage":"en-US","@id":"https:\/\/pujante.com\/pujante-se-convierte-en-patrocinador-oficial-de-la-34a-edicion-del-triatlon-internacional-villa-de-fuente-alamo\/#primaryimage","url":"https:\/\/pujante.com\/wp-content\/uploads\/IMG_6356-scaled.jpeg","contentUrl":"https:\/\/pujante.com\/wp-content\/uploads\/IMG_6356-scaled.jpeg","width":2560,"height":1440},{"@type":"BreadcrumbList","@id":"https:\/\/pujante.com\/pujante-se-convierte-en-patrocinador-oficial-de-la-34a-edicion-del-triatlon-internacional-villa-de-fuente-alamo\/#breadcrumb","itemListElement":[{"@type":"ListItem","position":1,"name":"Portada","item":"https:\/\/pujante.com\/"},{"@type":"ListItem","position":2,"name":"Pujante se convierte en patrocinador oficial de la 34\u00aa edici\u00f3n del Triatl\u00f3n de Fuente \u00c1lamo"}]},{"@type":"WebSite","@id":"https:\/\/pujante.com\/#website","url":"https:\/\/pujante.com\/","name":"Pujante","description":"El \u00fanico pollo nacido y criado en la Regi\u00f3n de Murcia","potentialAction":[{"@type":"SearchAction","target":{"@type":"EntryPoint","urlTemplate":"https:\/\/pujante.com\/?s={search_term_string}"},"query-input":{"@type":"PropertyValueSpecification","valueRequired":true,"valueName":"search_term_string"}}],"inLanguage":"en-US"},{"@type":"Person","@id":"https:\/\/pujante.com\/#\/schema\/person\/68901bb4e2598b724c1ef93a66a9a42d","name":"Beatriz Martinez","image":{"@type":"ImageObject","inLanguage":"en-US","@id":"https:\/\/pujante.com\/#\/schema\/person\/image\/","url":"https:\/\/secure.gravatar.com\/avatar\/17bd4bae1a65099593cdfdc63b04c08d17a83ba972578372aa9f81eaa6d42ae8?s=96&d=mm&r=g","contentUrl":"https:\/\/secure.gravatar.com\/avatar\/17bd4bae1a65099593cdfdc63b04c08d17a83ba972578372aa9f81eaa6d42ae8?s=96&d=mm&r=g","caption":"Beatriz Martinez"},"sameAs":["https:\/\/pujante.com\/"],"url":"https:\/\/pujante.com\/en\/author\/bea-martinez\/"}]}},"_links":{"self":[{"href":"https:\/\/pujante.com\/en\/wp-json\/wp\/v2\/posts\/23171","targetHints":{"allow":["GET"]}}],"collection":[{"href":"https:\/\/pujante.com\/en\/wp-json\/wp\/v2\/posts"}],"about":[{"href":"https:\/\/pujante.com\/en\/wp-json\/wp\/v2\/types\/post"}],"author":[{"embeddable":true,"href":"https:\/\/pujante.com\/en\/wp-json\/wp\/v2\/users\/10"}],"replies":[{"embeddable":true,"href":"https:\/\/pujante.com\/en\/wp-json\/wp\/v2\/comments?post=23171"}],"version-history":[{"count":3,"href":"https:\/\/pujante.com\/en\/wp-json\/wp\/v2\/posts\/23171\/revisions"}],"predecessor-version":[{"id":23176,"href":"https:\/\/pujante.com\/en\/wp-json\/wp\/v2\/posts\/23171\/revisions\/23176"}],"wp:featuredmedia":[{"embeddable":true,"href":"https:\/\/pujante.com\/en\/wp-json\/wp\/v2\/media\/23172"}],"wp:attachment":[{"href":"https:\/\/pujante.com\/en\/wp-json\/wp\/v2\/media?parent=23171"}],"wp:term":[{"taxonomy":"category","embeddable":true,"href":"https:\/\/pujante.com\/en\/wp-json\/wp\/v2\/categories?post=23171"},{"taxonomy":"post_tag","embeddable":true,"href":"https:\/\/pujante.com\/en\/wp-json\/wp\/v2\/tags?post=23171"}],"curies":[{"name":"wp","href":"https:\/\/api.w.org\/{rel}","templated":true}]}}