{"id":23180,"date":"2026-04-29T16:07:20","date_gmt":"2026-04-29T14:07:20","guid":{"rendered":"https:\/\/pujante.com\/?p=23180"},"modified":"2026-04-29T16:07:20","modified_gmt":"2026-04-29T14:07:20","slug":"acogemos-la-visita-de-la-virgen-de-la-fuensanta-en-su-recorrido-por-la-region","status":"publish","type":"post","link":"https:\/\/pujante.com\/en\/acogemos-la-visita-de-la-virgen-de-la-fuensanta-en-su-recorrido-por-la-region\/","title":{"rendered":"Acogemos la visita de la Virgen de la Fuensanta en su recorrido por la Regi\u00f3n"},"content":{"rendered":"<p>Ayer recibimos, en nuestras instalaciones de Beniel, la visita de la Virgen de la Fuensanta, patrona de Murcia, en el marco de la peregrinaci\u00f3n que est\u00e1 realizando por municipios y pedan\u00edas con motivo del centenario de su coronaci\u00f3n can\u00f3nica.<\/p>\n<p>En este encuentro, el que estuvimos trabajadores y representantes de nuestra empresa, vecinos y otras personas vinculadas a la Patrona, descubrimos una placa conmemorativa para recordar este momento y para poner en valor nuestro v\u00ednculo con la imagen, con su entorno y con las tradiciones profundamente arraigadas en la Regi\u00f3n.<\/p>\n<p>Con esta visita, nos sumamos a una iniciativa que trasciende lo religioso para convertirse en un acontecimiento de car\u00e1cter social y cultural, capaz de movilizar a gran cantidad de personas y reforzar el sentimiento de pertenencia al territorio. Todos los que formamos parte de Pujante mantenemos una relaci\u00f3n estrecha con el entorno en el que desarrollamos nuestra actividad, fomentando una presencia activa en la vida social de la Regi\u00f3n.<\/p>\n<p>La jornada transcurri\u00f3 en un ambiente de cercan\u00eda y participaci\u00f3n, en el que abrimos nuestras puertas para compartir un momento significativo tanto para el equipo como para el conjunto de la comunidad, reforzando nuestro compromiso con el entorno en el que operamos.<\/p>\n<p>&nbsp;<\/p>","protected":false},"excerpt":{"rendered":"<p>Ayer recibimos, en nuestras instalaciones de Beniel, la visita de la Virgen de la Fuensanta, patrona de Murcia, en el marco de la peregrinaci\u00f3n que est\u00e1 realizando por municipios y pedan\u00edas con motivo del centenario de su coronaci\u00f3n can\u00f3nica. En este encuentro, el que estuvimos trabajadores y representantes de nuestra empresa, vecinos y otras personas [&hellip;]<\/p>","protected":false},"author":10,"featured_media":23181,"comment_status":"open","ping_status":"open","sticky":false,"template":"","format":"standard","meta":{"_acf_changed":false,"footnotes":""},"categories":[43,31],"tags":[],"class_list":["post-23180","post","type-post","status-publish","format-standard","has-post-thumbnail","hentry","category-noticias","category-novedades"],"acf":[],"yoast_head":"<!-- This site is optimized with the Yoast SEO plugin v26.8 - https:\/\/yoast.com\/product\/yoast-seo-wordpress\/ -->\n<title>Acogemos la visita de la Virgen de la Fuensanta en su recorrido por la Regi\u00f3n - Pujante<\/title>\n<meta name=\"robots\" content=\"index, follow, max-snippet:-1, max-image-preview:large, max-video-preview:-1\" \/>\n<link rel=\"canonical\" href=\"https:\/\/pujante.com\/en\/acogemos-la-visita-de-la-virgen-de-la-fuensanta-en-su-recorrido-por-la-region\/\" \/>\n<meta property=\"og:locale\" content=\"en_US\" \/>\n<meta property=\"og:type\" content=\"article\" \/>\n<meta property=\"og:title\" content=\"Acogemos la visita de la Virgen de la Fuensanta en su recorrido por la Regi\u00f3n - Pujante\" \/>\n<meta property=\"og:description\" content=\"Ayer recibimos, en nuestras instalaciones de Beniel, la visita de la Virgen de la Fuensanta, patrona de Murcia, en el marco de la peregrinaci\u00f3n que est\u00e1 realizando por municipios y pedan\u00edas con motivo del centenario de su coronaci\u00f3n can\u00f3nica. En este encuentro, el que estuvimos trabajadores y representantes de nuestra empresa, vecinos y otras personas [&hellip;]\" \/>\n<meta property=\"og:url\" content=\"https:\/\/pujante.com\/en\/acogemos-la-visita-de-la-virgen-de-la-fuensanta-en-su-recorrido-por-la-region\/\" \/>\n<meta property=\"og:site_name\" content=\"Pujante\" \/>\n<meta property=\"article:published_time\" content=\"2026-04-29T14:07:20+00:00\" \/>\n<meta property=\"og:image\" content=\"https:\/\/pujante.com\/wp-content\/uploads\/IMAGEN-PRENSA.jpg\" \/>\n\t<meta property=\"og:image:width\" content=\"1600\" \/>\n\t<meta property=\"og:image:height\" content=\"1067\" \/>\n\t<meta property=\"og:image:type\" content=\"image\/jpeg\" \/>\n<meta name=\"author\" content=\"Beatriz Martinez\" \/>\n<meta name=\"twitter:card\" content=\"summary_large_image\" \/>\n<meta name=\"twitter:label1\" content=\"Written by\" \/>\n\t<meta name=\"twitter:data1\" content=\"Beatriz Martinez\" \/>\n\t<meta name=\"twitter:label2\" content=\"Est. reading time\" \/>\n\t<meta name=\"twitter:data2\" content=\"2 minutes\" \/>\n<script type=\"application\/ld+json\" class=\"yoast-schema-graph\">{\"@context\":\"https:\/\/schema.org\",\"@graph\":[{\"@type\":\"Article\",\"@id\":\"https:\/\/pujante.com\/acogemos-la-visita-de-la-virgen-de-la-fuensanta-en-su-recorrido-por-la-region\/#article\",\"isPartOf\":{\"@id\":\"https:\/\/pujante.com\/acogemos-la-visita-de-la-virgen-de-la-fuensanta-en-su-recorrido-por-la-region\/\"},\"author\":{\"name\":\"Beatriz Martinez\",\"@id\":\"https:\/\/pujante.com\/#\/schema\/person\/68901bb4e2598b724c1ef93a66a9a42d\"},\"headline\":\"Acogemos la visita de la Virgen de la Fuensanta en su recorrido por la Regi\u00f3n\",\"datePublished\":\"2026-04-29T14:07:20+00:00\",\"mainEntityOfPage\":{\"@id\":\"https:\/\/pujante.com\/acogemos-la-visita-de-la-virgen-de-la-fuensanta-en-su-recorrido-por-la-region\/\"},\"wordCount\":228,\"commentCount\":0,\"image\":{\"@id\":\"https:\/\/pujante.com\/acogemos-la-visita-de-la-virgen-de-la-fuensanta-en-su-recorrido-por-la-region\/#primaryimage\"},\"thumbnailUrl\":\"https:\/\/pujante.com\/wp-content\/uploads\/IMAGEN-PRENSA.jpg\",\"articleSection\":[\"Noticias\",\"Novedades\"],\"inLanguage\":\"en-US\",\"potentialAction\":[{\"@type\":\"CommentAction\",\"name\":\"Comment\",\"target\":[\"https:\/\/pujante.com\/acogemos-la-visita-de-la-virgen-de-la-fuensanta-en-su-recorrido-por-la-region\/#respond\"]}]},{\"@type\":\"WebPage\",\"@id\":\"https:\/\/pujante.com\/acogemos-la-visita-de-la-virgen-de-la-fuensanta-en-su-recorrido-por-la-region\/\",\"url\":\"https:\/\/pujante.com\/acogemos-la-visita-de-la-virgen-de-la-fuensanta-en-su-recorrido-por-la-region\/\",\"name\":\"Acogemos la visita de la Virgen de la Fuensanta en su recorrido por la Regi\u00f3n - Pujante\",\"isPartOf\":{\"@id\":\"https:\/\/pujante.com\/#website\"},\"primaryImageOfPage\":{\"@id\":\"https:\/\/pujante.com\/acogemos-la-visita-de-la-virgen-de-la-fuensanta-en-su-recorrido-por-la-region\/#primaryimage\"},\"image\":{\"@id\":\"https:\/\/pujante.com\/acogemos-la-visita-de-la-virgen-de-la-fuensanta-en-su-recorrido-por-la-region\/#primaryimage\"},\"thumbnailUrl\":\"https:\/\/pujante.com\/wp-content\/uploads\/IMAGEN-PRENSA.jpg\",\"datePublished\":\"2026-04-29T14:07:20+00:00\",\"author\":{\"@id\":\"https:\/\/pujante.com\/#\/schema\/person\/68901bb4e2598b724c1ef93a66a9a42d\"},\"breadcrumb\":{\"@id\":\"https:\/\/pujante.com\/acogemos-la-visita-de-la-virgen-de-la-fuensanta-en-su-recorrido-por-la-region\/#breadcrumb\"},\"inLanguage\":\"en-US\",\"potentialAction\":[{\"@type\":\"ReadAction\",\"target\":[\"https:\/\/pujante.com\/acogemos-la-visita-de-la-virgen-de-la-fuensanta-en-su-recorrido-por-la-region\/\"]}]},{\"@type\":\"ImageObject\",\"inLanguage\":\"en-US\",\"@id\":\"https:\/\/pujante.com\/acogemos-la-visita-de-la-virgen-de-la-fuensanta-en-su-recorrido-por-la-region\/#primaryimage\",\"url\":\"https:\/\/pujante.com\/wp-content\/uploads\/IMAGEN-PRENSA.jpg\",\"contentUrl\":\"https:\/\/pujante.com\/wp-content\/uploads\/IMAGEN-PRENSA.jpg\",\"width\":1600,\"height\":1067},{\"@type\":\"BreadcrumbList\",\"@id\":\"https:\/\/pujante.com\/acogemos-la-visita-de-la-virgen-de-la-fuensanta-en-su-recorrido-por-la-region\/#breadcrumb\",\"itemListElement\":[{\"@type\":\"ListItem\",\"position\":1,\"name\":\"Portada\",\"item\":\"https:\/\/pujante.com\/\"},{\"@type\":\"ListItem\",\"position\":2,\"name\":\"Acogemos la visita de la Virgen de la Fuensanta en su recorrido por la Regi\u00f3n\"}]},{\"@type\":\"WebSite\",\"@id\":\"https:\/\/pujante.com\/#website\",\"url\":\"https:\/\/pujante.com\/\",\"name\":\"Pujante\",\"description\":\"El \u00fanico pollo nacido y criado en la Regi\u00f3n de Murcia\",\"potentialAction\":[{\"@type\":\"SearchAction\",\"target\":{\"@type\":\"EntryPoint\",\"urlTemplate\":\"https:\/\/pujante.com\/?s={search_term_string}\"},\"query-input\":{\"@type\":\"PropertyValueSpecification\",\"valueRequired\":true,\"valueName\":\"search_term_string\"}}],\"inLanguage\":\"en-US\"},{\"@type\":\"Person\",\"@id\":\"https:\/\/pujante.com\/#\/schema\/person\/68901bb4e2598b724c1ef93a66a9a42d\",\"name\":\"Beatriz Martinez\",\"image\":{\"@type\":\"ImageObject\",\"inLanguage\":\"en-US\",\"@id\":\"https:\/\/pujante.com\/#\/schema\/person\/image\/\",\"url\":\"https:\/\/secure.gravatar.com\/avatar\/17bd4bae1a65099593cdfdc63b04c08d17a83ba972578372aa9f81eaa6d42ae8?s=96&d=mm&r=g\",\"contentUrl\":\"https:\/\/secure.gravatar.com\/avatar\/17bd4bae1a65099593cdfdc63b04c08d17a83ba972578372aa9f81eaa6d42ae8?s=96&d=mm&r=g\",\"caption\":\"Beatriz Martinez\"},\"sameAs\":[\"https:\/\/pujante.com\/\"],\"url\":\"https:\/\/pujante.com\/en\/author\/bea-martinez\/\"}]}<\/script>\n<!-- \/ Yoast SEO plugin. -->","yoast_head_json":{"title":"Acogemos la visita de la Virgen de la Fuensanta en su recorrido por la Regi\u00f3n - Pujante","robots":{"index":"index","follow":"follow","max-snippet":"max-snippet:-1","max-image-preview":"max-image-preview:large","max-video-preview":"max-video-preview:-1"},"canonical":"https:\/\/pujante.com\/en\/acogemos-la-visita-de-la-virgen-de-la-fuensanta-en-su-recorrido-por-la-region\/","og_locale":"en_US","og_type":"article","og_title":"Acogemos la visita de la Virgen de la Fuensanta en su recorrido por la Regi\u00f3n - Pujante","og_description":"Ayer recibimos, en nuestras instalaciones de Beniel, la visita de la Virgen de la Fuensanta, patrona de Murcia, en el marco de la peregrinaci\u00f3n que est\u00e1 realizando por municipios y pedan\u00edas con motivo del centenario de su coronaci\u00f3n can\u00f3nica. En este encuentro, el que estuvimos trabajadores y representantes de nuestra empresa, vecinos y otras personas [&hellip;]","og_url":"https:\/\/pujante.com\/en\/acogemos-la-visita-de-la-virgen-de-la-fuensanta-en-su-recorrido-por-la-region\/","og_site_name":"Pujante","article_published_time":"2026-04-29T14:07:20+00:00","og_image":[{"width":1600,"height":1067,"url":"https:\/\/pujante.com\/wp-content\/uploads\/IMAGEN-PRENSA.jpg","type":"image\/jpeg"}],"author":"Beatriz Martinez","twitter_card":"summary_large_image","twitter_misc":{"Written by":"Beatriz Martinez","Est. reading time":"2 minutes"},"schema":{"@context":"https:\/\/schema.org","@graph":[{"@type":"Article","@id":"https:\/\/pujante.com\/acogemos-la-visita-de-la-virgen-de-la-fuensanta-en-su-recorrido-por-la-region\/#article","isPartOf":{"@id":"https:\/\/pujante.com\/acogemos-la-visita-de-la-virgen-de-la-fuensanta-en-su-recorrido-por-la-region\/"},"author":{"name":"Beatriz Martinez","@id":"https:\/\/pujante.com\/#\/schema\/person\/68901bb4e2598b724c1ef93a66a9a42d"},"headline":"Acogemos la visita de la Virgen de la Fuensanta en su recorrido por la Regi\u00f3n","datePublished":"2026-04-29T14:07:20+00:00","mainEntityOfPage":{"@id":"https:\/\/pujante.com\/acogemos-la-visita-de-la-virgen-de-la-fuensanta-en-su-recorrido-por-la-region\/"},"wordCount":228,"commentCount":0,"image":{"@id":"https:\/\/pujante.com\/acogemos-la-visita-de-la-virgen-de-la-fuensanta-en-su-recorrido-por-la-region\/#primaryimage"},"thumbnailUrl":"https:\/\/pujante.com\/wp-content\/uploads\/IMAGEN-PRENSA.jpg","articleSection":["Noticias","Novedades"],"inLanguage":"en-US","potentialAction":[{"@type":"CommentAction","name":"Comment","target":["https:\/\/pujante.com\/acogemos-la-visita-de-la-virgen-de-la-fuensanta-en-su-recorrido-por-la-region\/#respond"]}]},{"@type":"WebPage","@id":"https:\/\/pujante.com\/acogemos-la-visita-de-la-virgen-de-la-fuensanta-en-su-recorrido-por-la-region\/","url":"https:\/\/pujante.com\/acogemos-la-visita-de-la-virgen-de-la-fuensanta-en-su-recorrido-por-la-region\/","name":"Acogemos la visita de la Virgen de la Fuensanta en su recorrido por la Regi\u00f3n - Pujante","isPartOf":{"@id":"https:\/\/pujante.com\/#website"},"primaryImageOfPage":{"@id":"https:\/\/pujante.com\/acogemos-la-visita-de-la-virgen-de-la-fuensanta-en-su-recorrido-por-la-region\/#primaryimage"},"image":{"@id":"https:\/\/pujante.com\/acogemos-la-visita-de-la-virgen-de-la-fuensanta-en-su-recorrido-por-la-region\/#primaryimage"},"thumbnailUrl":"https:\/\/pujante.com\/wp-content\/uploads\/IMAGEN-PRENSA.jpg","datePublished":"2026-04-29T14:07:20+00:00","author":{"@id":"https:\/\/pujante.com\/#\/schema\/person\/68901bb4e2598b724c1ef93a66a9a42d"},"breadcrumb":{"@id":"https:\/\/pujante.com\/acogemos-la-visita-de-la-virgen-de-la-fuensanta-en-su-recorrido-por-la-region\/#breadcrumb"},"inLanguage":"en-US","potentialAction":[{"@type":"ReadAction","target":["https:\/\/pujante.com\/acogemos-la-visita-de-la-virgen-de-la-fuensanta-en-su-recorrido-por-la-region\/"]}]},{"@type":"ImageObject","inLanguage":"en-US","@id":"https:\/\/pujante.com\/acogemos-la-visita-de-la-virgen-de-la-fuensanta-en-su-recorrido-por-la-region\/#primaryimage","url":"https:\/\/pujante.com\/wp-content\/uploads\/IMAGEN-PRENSA.jpg","contentUrl":"https:\/\/pujante.com\/wp-content\/uploads\/IMAGEN-PRENSA.jpg","width":1600,"height":1067},{"@type":"BreadcrumbList","@id":"https:\/\/pujante.com\/acogemos-la-visita-de-la-virgen-de-la-fuensanta-en-su-recorrido-por-la-region\/#breadcrumb","itemListElement":[{"@type":"ListItem","position":1,"name":"Portada","item":"https:\/\/pujante.com\/"},{"@type":"ListItem","position":2,"name":"Acogemos la visita de la Virgen de la Fuensanta en su recorrido por la Regi\u00f3n"}]},{"@type":"WebSite","@id":"https:\/\/pujante.com\/#website","url":"https:\/\/pujante.com\/","name":"Pujante","description":"El \u00fanico pollo nacido y criado en la Regi\u00f3n de Murcia","potentialAction":[{"@type":"SearchAction","target":{"@type":"EntryPoint","urlTemplate":"https:\/\/pujante.com\/?s={search_term_string}"},"query-input":{"@type":"PropertyValueSpecification","valueRequired":true,"valueName":"search_term_string"}}],"inLanguage":"en-US"},{"@type":"Person","@id":"https:\/\/pujante.com\/#\/schema\/person\/68901bb4e2598b724c1ef93a66a9a42d","name":"Beatriz Martinez","image":{"@type":"ImageObject","inLanguage":"en-US","@id":"https:\/\/pujante.com\/#\/schema\/person\/image\/","url":"https:\/\/secure.gravatar.com\/avatar\/17bd4bae1a65099593cdfdc63b04c08d17a83ba972578372aa9f81eaa6d42ae8?s=96&d=mm&r=g","contentUrl":"https:\/\/secure.gravatar.com\/avatar\/17bd4bae1a65099593cdfdc63b04c08d17a83ba972578372aa9f81eaa6d42ae8?s=96&d=mm&r=g","caption":"Beatriz Martinez"},"sameAs":["https:\/\/pujante.com\/"],"url":"https:\/\/pujante.com\/en\/author\/bea-martinez\/"}]}},"_links":{"self":[{"href":"https:\/\/pujante.com\/en\/wp-json\/wp\/v2\/posts\/23180","targetHints":{"allow":["GET"]}}],"collection":[{"href":"https:\/\/pujante.com\/en\/wp-json\/wp\/v2\/posts"}],"about":[{"href":"https:\/\/pujante.com\/en\/wp-json\/wp\/v2\/types\/post"}],"author":[{"embeddable":true,"href":"https:\/\/pujante.com\/en\/wp-json\/wp\/v2\/users\/10"}],"replies":[{"embeddable":true,"href":"https:\/\/pujante.com\/en\/wp-json\/wp\/v2\/comments?post=23180"}],"version-history":[{"count":2,"href":"https:\/\/pujante.com\/en\/wp-json\/wp\/v2\/posts\/23180\/revisions"}],"predecessor-version":[{"id":23183,"href":"https:\/\/pujante.com\/en\/wp-json\/wp\/v2\/posts\/23180\/revisions\/23183"}],"wp:featuredmedia":[{"embeddable":true,"href":"https:\/\/pujante.com\/en\/wp-json\/wp\/v2\/media\/23181"}],"wp:attachment":[{"href":"https:\/\/pujante.com\/en\/wp-json\/wp\/v2\/media?parent=23180"}],"wp:term":[{"taxonomy":"category","embeddable":true,"href":"https:\/\/pujante.com\/en\/wp-json\/wp\/v2\/categories?post=23180"},{"taxonomy":"post_tag","embeddable":true,"href":"https:\/\/pujante.com\/en\/wp-json\/wp\/v2\/tags?post=23180"}],"curies":[{"name":"wp","href":"https:\/\/api.w.org\/{rel}","templated":true}]}}