{"id":2925,"date":"2021-09-27T13:55:58","date_gmt":"2021-09-27T11:55:58","guid":{"rendered":"https:\/\/pujante.com\/?p=2925"},"modified":"2021-09-27T14:04:14","modified_gmt":"2021-09-27T12:04:14","slug":"pujante-participa-anuga","status":"publish","type":"post","link":"https:\/\/pujante.com\/en\/pujante-participa-anuga\/","title":{"rendered":"Pujante participa en la Feria Internacional Anuga"},"content":{"rendered":"<p>Anuga es una de las mayores ferias de alimentaci\u00f3n y bebidas del mundo, es por ello que Pujante quer\u00eda estar presente en esta edici\u00f3n de 2021. <strong>Pujante, como l\u00edder del sector av\u00edcola que es, tendr\u00e1 un expositor propio en la feria de alimentaci\u00f3n<\/strong> donde trasladar\u00e1 a clientes y profesionales todas novedades. Los productos frescos y de calidad que tradicionalmente produce la marca como son <strong>pollo, pavo, campero y gallina<\/strong>. Tambi\u00e9n mostrar\u00e1 las caracter\u00edsticas de su Pollo Certificado, un pollo con estirpe r\u00fastica y con certificado de bienestar animal. Esta variedad lleva una alimentaci\u00f3n 100% vegetal y una crianza libre de antibi\u00f3ticos.<\/p>\n\n\n\n<p><strong>Anuga se celebra en la ciudad de Colonia, Alemania, del 9 al 13 de octubre de 2021<\/strong> y atrae a m\u00e1s de un centenar de miles de visitantes cada a\u00f1o. Pujante dar\u00e1 a conocer en Alemania sus productos m\u00e1s caracter\u00edsticos para dejar constancia de que su trayectoria de m\u00e1s de 50 a\u00f1os est\u00e1 basada en el producto fresco de la m\u00e1xima calidad, excelente seguridad alimentaria y, por supuesto, la satisfacci\u00f3n del cliente.<\/p>\n\n\n\n<p><\/p>\n\n\n\n<figure class=\"wp-block-image size-full\"><img fetchpriority=\"high\" decoding=\"async\" width=\"1920\" height=\"1080\" src=\"https:\/\/pujante.com\/wp-content\/uploads\/Pujante_Anuga_TW.png\" alt=\"Pujante, estand propio en Anuga, feria Alemania\" class=\"wp-image-2926\" srcset=\"https:\/\/pujante.com\/wp-content\/uploads\/Pujante_Anuga_TW.png 1920w, https:\/\/pujante.com\/wp-content\/uploads\/Pujante_Anuga_TW-600x338.png 600w, https:\/\/pujante.com\/wp-content\/uploads\/Pujante_Anuga_TW-768x432.png 768w, https:\/\/pujante.com\/wp-content\/uploads\/Pujante_Anuga_TW-1536x864.png 1536w\" sizes=\"(max-width: 1920px) 100vw, 1920px\" \/><\/figure>\n\n\n\n<p><\/p>\n\n\n\n<p><strong>El estand propio de Pujante es el C 51 y estar\u00e1 situado en el Pabell\u00f3n Meat C 5.2, en el \u00e1rea de carne<\/strong>.  Si visitas la feria no dudes en pasar por nuestro expositor y comprobar t\u00fa mismo por qu\u00e9 <strong>Pujante mantiene su compromiso con la calidad total y es referente en el sector av\u00edcola gracias a su producci\u00f3n sostenible y comprometida con el medio ambiente<\/strong>.<\/p>\n\n\n\n<p>\u00a1Os esperamos con los brazos abiertos en Anuga!<\/p>","protected":false},"excerpt":{"rendered":"<p>Anuga es una de las mayores ferias de alimentaci\u00f3n y bebidas del mundo, es por ello que Pujante quer\u00eda estar presente en esta edici\u00f3n de 2021. Pujante, como l\u00edder del sector av\u00edcola que es, tendr\u00e1 un expositor propio en la feria de alimentaci\u00f3n donde trasladar\u00e1 a clientes y profesionales todas novedades. Los productos frescos y [&hellip;]<\/p>\n","protected":false},"author":3,"featured_media":2933,"comment_status":"open","ping_status":"open","sticky":false,"template":"","format":"standard","meta":{"_acf_changed":false,"footnotes":""},"categories":[43,45],"tags":[],"class_list":["post-2925","post","type-post","status-publish","format-standard","has-post-thumbnail","hentry","category-noticias","category-pujante"],"acf":[],"yoast_head":"<!-- This site is optimized with the Yoast SEO plugin v27.5 - https:\/\/yoast.com\/product\/yoast-seo-wordpress\/ -->\n<title>Pujante participa en la Feria Internacional Anuga<\/title>\n<meta name=\"description\" content=\"Pujante tendr\u00e1 expositor propio en la feria de alimentaci\u00f3n y bebidas Anuga, se celebra del 9 al 13 de octubre en Colonia, Alemania\" \/>\n<meta name=\"robots\" content=\"index, follow, max-snippet:-1, max-image-preview:large, max-video-preview:-1\" \/>\n<link rel=\"canonical\" href=\"https:\/\/pujante.com\/en\/pujante-participa-anuga\/\" \/>\n<meta property=\"og:locale\" content=\"en_US\" \/>\n<meta property=\"og:type\" content=\"article\" \/>\n<meta property=\"og:title\" content=\"Pujante participa en la Feria Internacional Anuga\" \/>\n<meta property=\"og:description\" content=\"Pujante tendr\u00e1 expositor propio en la feria de alimentaci\u00f3n y bebidas Anuga, se celebra del 9 al 13 de octubre en Colonia, Alemania\" \/>\n<meta property=\"og:url\" content=\"https:\/\/pujante.com\/en\/pujante-participa-anuga\/\" \/>\n<meta property=\"og:site_name\" content=\"Pujante\" \/>\n<meta property=\"article:published_time\" content=\"2021-09-27T11:55:58+00:00\" \/>\n<meta property=\"article:modified_time\" content=\"2021-09-27T12:04:14+00:00\" \/>\n<meta property=\"og:image\" content=\"https:\/\/pujante.com\/wp-content\/uploads\/anuga-portada-post.jpg\" \/>\n\t<meta property=\"og:image:width\" content=\"1894\" \/>\n\t<meta property=\"og:image:height\" content=\"663\" \/>\n\t<meta property=\"og:image:type\" content=\"image\/jpeg\" \/>\n<meta name=\"author\" content=\"La Pecera\" \/>\n<meta name=\"twitter:card\" content=\"summary_large_image\" \/>\n<meta name=\"twitter:label1\" content=\"Written by\" \/>\n\t<meta name=\"twitter:data1\" content=\"La Pecera\" \/>\n\t<meta name=\"twitter:label2\" content=\"Est. reading time\" \/>\n\t<meta name=\"twitter:data2\" content=\"2 minutes\" \/>\n<script type=\"application\/ld+json\" class=\"yoast-schema-graph\">{\"@context\":\"https:\\\/\\\/schema.org\",\"@graph\":[{\"@type\":\"Article\",\"@id\":\"https:\\\/\\\/pujante.com\\\/pujante-participa-anuga\\\/#article\",\"isPartOf\":{\"@id\":\"https:\\\/\\\/pujante.com\\\/pujante-participa-anuga\\\/\"},\"author\":{\"name\":\"La Pecera\",\"@id\":\"https:\\\/\\\/pujante.com\\\/#\\\/schema\\\/person\\\/54abf98d6d192e46e1d9b087bbe3c02a\"},\"headline\":\"Pujante participa en la Feria Internacional Anuga\",\"datePublished\":\"2021-09-27T11:55:58+00:00\",\"dateModified\":\"2021-09-27T12:04:14+00:00\",\"mainEntityOfPage\":{\"@id\":\"https:\\\/\\\/pujante.com\\\/pujante-participa-anuga\\\/\"},\"wordCount\":268,\"commentCount\":0,\"image\":{\"@id\":\"https:\\\/\\\/pujante.com\\\/pujante-participa-anuga\\\/#primaryimage\"},\"thumbnailUrl\":\"https:\\\/\\\/pujante.com\\\/wp-content\\\/uploads\\\/anuga-portada-post.jpg\",\"articleSection\":[\"Noticias\",\"Pujante\"],\"inLanguage\":\"en-US\",\"potentialAction\":[{\"@type\":\"CommentAction\",\"name\":\"Comment\",\"target\":[\"https:\\\/\\\/pujante.com\\\/pujante-participa-anuga\\\/#respond\"]}]},{\"@type\":\"WebPage\",\"@id\":\"https:\\\/\\\/pujante.com\\\/pujante-participa-anuga\\\/\",\"url\":\"https:\\\/\\\/pujante.com\\\/pujante-participa-anuga\\\/\",\"name\":\"Pujante participa en la Feria Internacional Anuga\",\"isPartOf\":{\"@id\":\"https:\\\/\\\/pujante.com\\\/#website\"},\"primaryImageOfPage\":{\"@id\":\"https:\\\/\\\/pujante.com\\\/pujante-participa-anuga\\\/#primaryimage\"},\"image\":{\"@id\":\"https:\\\/\\\/pujante.com\\\/pujante-participa-anuga\\\/#primaryimage\"},\"thumbnailUrl\":\"https:\\\/\\\/pujante.com\\\/wp-content\\\/uploads\\\/anuga-portada-post.jpg\",\"datePublished\":\"2021-09-27T11:55:58+00:00\",\"dateModified\":\"2021-09-27T12:04:14+00:00\",\"author\":{\"@id\":\"https:\\\/\\\/pujante.com\\\/#\\\/schema\\\/person\\\/54abf98d6d192e46e1d9b087bbe3c02a\"},\"description\":\"Pujante tendr\u00e1 expositor propio en la feria de alimentaci\u00f3n y bebidas Anuga, se celebra del 9 al 13 de octubre en Colonia, Alemania\",\"breadcrumb\":{\"@id\":\"https:\\\/\\\/pujante.com\\\/pujante-participa-anuga\\\/#breadcrumb\"},\"inLanguage\":\"en-US\",\"potentialAction\":[{\"@type\":\"ReadAction\",\"target\":[\"https:\\\/\\\/pujante.com\\\/pujante-participa-anuga\\\/\"]}]},{\"@type\":\"ImageObject\",\"inLanguage\":\"en-US\",\"@id\":\"https:\\\/\\\/pujante.com\\\/pujante-participa-anuga\\\/#primaryimage\",\"url\":\"https:\\\/\\\/pujante.com\\\/wp-content\\\/uploads\\\/anuga-portada-post.jpg\",\"contentUrl\":\"https:\\\/\\\/pujante.com\\\/wp-content\\\/uploads\\\/anuga-portada-post.jpg\",\"width\":1894,\"height\":663,\"caption\":\"Pujante, estand propio en Anuga, feria Alemania\"},{\"@type\":\"BreadcrumbList\",\"@id\":\"https:\\\/\\\/pujante.com\\\/pujante-participa-anuga\\\/#breadcrumb\",\"itemListElement\":[{\"@type\":\"ListItem\",\"position\":1,\"name\":\"Portada\",\"item\":\"https:\\\/\\\/pujante.com\\\/\"},{\"@type\":\"ListItem\",\"position\":2,\"name\":\"Pujante participa en la Feria Internacional Anuga\"}]},{\"@type\":\"WebSite\",\"@id\":\"https:\\\/\\\/pujante.com\\\/#website\",\"url\":\"https:\\\/\\\/pujante.com\\\/\",\"name\":\"Pujante\",\"description\":\"El \u00fanico pollo nacido y criado en la Regi\u00f3n de Murcia\",\"potentialAction\":[{\"@type\":\"SearchAction\",\"target\":{\"@type\":\"EntryPoint\",\"urlTemplate\":\"https:\\\/\\\/pujante.com\\\/?s={search_term_string}\"},\"query-input\":{\"@type\":\"PropertyValueSpecification\",\"valueRequired\":true,\"valueName\":\"search_term_string\"}}],\"inLanguage\":\"en-US\"},{\"@type\":\"Person\",\"@id\":\"https:\\\/\\\/pujante.com\\\/#\\\/schema\\\/person\\\/54abf98d6d192e46e1d9b087bbe3c02a\",\"name\":\"La Pecera\",\"image\":{\"@type\":\"ImageObject\",\"inLanguage\":\"en-US\",\"@id\":\"https:\\\/\\\/secure.gravatar.com\\\/avatar\\\/2bff88100e42a9412b8e36ac3218958174d7c1b0f31cd207f7faba8d6e287e4a?s=96&d=mm&r=g\",\"url\":\"https:\\\/\\\/secure.gravatar.com\\\/avatar\\\/2bff88100e42a9412b8e36ac3218958174d7c1b0f31cd207f7faba8d6e287e4a?s=96&d=mm&r=g\",\"contentUrl\":\"https:\\\/\\\/secure.gravatar.com\\\/avatar\\\/2bff88100e42a9412b8e36ac3218958174d7c1b0f31cd207f7faba8d6e287e4a?s=96&d=mm&r=g\",\"caption\":\"La Pecera\"},\"url\":\"https:\\\/\\\/pujante.com\\\/en\\\/author\\\/u5zgcw14\\\/\"}]}<\/script>\n<!-- \/ Yoast SEO plugin. -->","yoast_head_json":{"title":"Pujante participa en la Feria Internacional Anuga","description":"Pujante tendr\u00e1 expositor propio en la feria de alimentaci\u00f3n y bebidas Anuga, se celebra del 9 al 13 de octubre en Colonia, Alemania","robots":{"index":"index","follow":"follow","max-snippet":"max-snippet:-1","max-image-preview":"max-image-preview:large","max-video-preview":"max-video-preview:-1"},"canonical":"https:\/\/pujante.com\/en\/pujante-participa-anuga\/","og_locale":"en_US","og_type":"article","og_title":"Pujante participa en la Feria Internacional Anuga","og_description":"Pujante tendr\u00e1 expositor propio en la feria de alimentaci\u00f3n y bebidas Anuga, se celebra del 9 al 13 de octubre en Colonia, Alemania","og_url":"https:\/\/pujante.com\/en\/pujante-participa-anuga\/","og_site_name":"Pujante","article_published_time":"2021-09-27T11:55:58+00:00","article_modified_time":"2021-09-27T12:04:14+00:00","og_image":[{"width":1894,"height":663,"url":"https:\/\/pujante.com\/wp-content\/uploads\/anuga-portada-post.jpg","type":"image\/jpeg"}],"author":"La Pecera","twitter_card":"summary_large_image","twitter_misc":{"Written by":"La Pecera","Est. reading time":"2 minutes"},"schema":{"@context":"https:\/\/schema.org","@graph":[{"@type":"Article","@id":"https:\/\/pujante.com\/pujante-participa-anuga\/#article","isPartOf":{"@id":"https:\/\/pujante.com\/pujante-participa-anuga\/"},"author":{"name":"La Pecera","@id":"https:\/\/pujante.com\/#\/schema\/person\/54abf98d6d192e46e1d9b087bbe3c02a"},"headline":"Pujante participa en la Feria Internacional Anuga","datePublished":"2021-09-27T11:55:58+00:00","dateModified":"2021-09-27T12:04:14+00:00","mainEntityOfPage":{"@id":"https:\/\/pujante.com\/pujante-participa-anuga\/"},"wordCount":268,"commentCount":0,"image":{"@id":"https:\/\/pujante.com\/pujante-participa-anuga\/#primaryimage"},"thumbnailUrl":"https:\/\/pujante.com\/wp-content\/uploads\/anuga-portada-post.jpg","articleSection":["Noticias","Pujante"],"inLanguage":"en-US","potentialAction":[{"@type":"CommentAction","name":"Comment","target":["https:\/\/pujante.com\/pujante-participa-anuga\/#respond"]}]},{"@type":"WebPage","@id":"https:\/\/pujante.com\/pujante-participa-anuga\/","url":"https:\/\/pujante.com\/pujante-participa-anuga\/","name":"Pujante participa en la Feria Internacional Anuga","isPartOf":{"@id":"https:\/\/pujante.com\/#website"},"primaryImageOfPage":{"@id":"https:\/\/pujante.com\/pujante-participa-anuga\/#primaryimage"},"image":{"@id":"https:\/\/pujante.com\/pujante-participa-anuga\/#primaryimage"},"thumbnailUrl":"https:\/\/pujante.com\/wp-content\/uploads\/anuga-portada-post.jpg","datePublished":"2021-09-27T11:55:58+00:00","dateModified":"2021-09-27T12:04:14+00:00","author":{"@id":"https:\/\/pujante.com\/#\/schema\/person\/54abf98d6d192e46e1d9b087bbe3c02a"},"description":"Pujante tendr\u00e1 expositor propio en la feria de alimentaci\u00f3n y bebidas Anuga, se celebra del 9 al 13 de octubre en Colonia, Alemania","breadcrumb":{"@id":"https:\/\/pujante.com\/pujante-participa-anuga\/#breadcrumb"},"inLanguage":"en-US","potentialAction":[{"@type":"ReadAction","target":["https:\/\/pujante.com\/pujante-participa-anuga\/"]}]},{"@type":"ImageObject","inLanguage":"en-US","@id":"https:\/\/pujante.com\/pujante-participa-anuga\/#primaryimage","url":"https:\/\/pujante.com\/wp-content\/uploads\/anuga-portada-post.jpg","contentUrl":"https:\/\/pujante.com\/wp-content\/uploads\/anuga-portada-post.jpg","width":1894,"height":663,"caption":"Pujante, estand propio en Anuga, feria Alemania"},{"@type":"BreadcrumbList","@id":"https:\/\/pujante.com\/pujante-participa-anuga\/#breadcrumb","itemListElement":[{"@type":"ListItem","position":1,"name":"Portada","item":"https:\/\/pujante.com\/"},{"@type":"ListItem","position":2,"name":"Pujante participa en la Feria Internacional Anuga"}]},{"@type":"WebSite","@id":"https:\/\/pujante.com\/#website","url":"https:\/\/pujante.com\/","name":"Pujante","description":"El \u00fanico pollo nacido y criado en la Regi\u00f3n de Murcia","potentialAction":[{"@type":"SearchAction","target":{"@type":"EntryPoint","urlTemplate":"https:\/\/pujante.com\/?s={search_term_string}"},"query-input":{"@type":"PropertyValueSpecification","valueRequired":true,"valueName":"search_term_string"}}],"inLanguage":"en-US"},{"@type":"Person","@id":"https:\/\/pujante.com\/#\/schema\/person\/54abf98d6d192e46e1d9b087bbe3c02a","name":"La Pecera","image":{"@type":"ImageObject","inLanguage":"en-US","@id":"https:\/\/secure.gravatar.com\/avatar\/2bff88100e42a9412b8e36ac3218958174d7c1b0f31cd207f7faba8d6e287e4a?s=96&d=mm&r=g","url":"https:\/\/secure.gravatar.com\/avatar\/2bff88100e42a9412b8e36ac3218958174d7c1b0f31cd207f7faba8d6e287e4a?s=96&d=mm&r=g","contentUrl":"https:\/\/secure.gravatar.com\/avatar\/2bff88100e42a9412b8e36ac3218958174d7c1b0f31cd207f7faba8d6e287e4a?s=96&d=mm&r=g","caption":"La Pecera"},"url":"https:\/\/pujante.com\/en\/author\/u5zgcw14\/"}]}},"_links":{"self":[{"href":"https:\/\/pujante.com\/en\/wp-json\/wp\/v2\/posts\/2925","targetHints":{"allow":["GET"]}}],"collection":[{"href":"https:\/\/pujante.com\/en\/wp-json\/wp\/v2\/posts"}],"about":[{"href":"https:\/\/pujante.com\/en\/wp-json\/wp\/v2\/types\/post"}],"author":[{"embeddable":true,"href":"https:\/\/pujante.com\/en\/wp-json\/wp\/v2\/users\/3"}],"replies":[{"embeddable":true,"href":"https:\/\/pujante.com\/en\/wp-json\/wp\/v2\/comments?post=2925"}],"version-history":[{"count":0,"href":"https:\/\/pujante.com\/en\/wp-json\/wp\/v2\/posts\/2925\/revisions"}],"wp:featuredmedia":[{"embeddable":true,"href":"https:\/\/pujante.com\/en\/wp-json\/wp\/v2\/media\/2933"}],"wp:attachment":[{"href":"https:\/\/pujante.com\/en\/wp-json\/wp\/v2\/media?parent=2925"}],"wp:term":[{"taxonomy":"category","embeddable":true,"href":"https:\/\/pujante.com\/en\/wp-json\/wp\/v2\/categories?post=2925"},{"taxonomy":"post_tag","embeddable":true,"href":"https:\/\/pujante.com\/en\/wp-json\/wp\/v2\/tags?post=2925"}],"curies":[{"name":"wp","href":"https:\/\/api.w.org\/{rel}","templated":true}]}}