{"id":8835,"date":"2023-01-09T12:42:51","date_gmt":"2023-01-09T11:42:51","guid":{"rendered":"https:\/\/pujante.com\/?p=8835"},"modified":"2023-01-09T12:44:40","modified_gmt":"2023-01-09T11:44:40","slug":"reto-viajero-2022","status":"publish","type":"post","link":"https:\/\/pujante.com\/en\/reto-viajero-2022\/","title":{"rendered":"El Reto Viajero de Pujante"},"content":{"rendered":"<p data-pm-slice=\"1 1 []\">El pasado a\u00f1o 2022, ideamos una acci\u00f3n de cultura interna para fomentar el sentimiento de pertenencia entre los miembros de nuestro equipo. Naci\u00f3 as\u00ed \u00abEl Reto Viajero de Pujante\u00bb, a trav\u00e9s del que nuestro Pujante Team ha podido llevar con orgullo nuestra marca por el mundo y enviarnos fotograf\u00edas para inmortalizar la aventura.<\/p>\n<p>Una din\u00e1mica divertida tanto para el propio participante como para el resto de compa\u00f1eros, que han podido ver las fotograf\u00edas mes a mes, en nuestros boletines informativos de la empresa.<\/p>\n<p>Muchas gracias a todos los compa\u00f1eros y compa\u00f1eras que quisieron formar parte de esta acci\u00f3n el pasado a\u00f1o.<\/p>\n<p>Este 2023, continuamos con \u00abEl Reto Viajero\u00bb y esperamos que el equipo continue implic\u00e1ndose ????????????????<\/p>\n<p>\u00a1\u00a1Estamos expectantes de recibir nuevas im\u00e1genes de nuestro equipo con Pujante en diferentes puntos del mapa!!<\/p>\n<p>&nbsp;<\/p>\n<p><iframe title=\"El Reto Viajero de Pujante\" width=\"800\" height=\"600\" src=\"https:\/\/www.youtube.com\/embed\/0CGKzazYcf0?feature=oembed\" frameborder=\"0\" allow=\"accelerometer; autoplay; clipboard-write; encrypted-media; gyroscope; picture-in-picture; web-share\" allowfullscreen><\/iframe><\/p>","protected":false},"excerpt":{"rendered":"<p>El pasado a\u00f1o 2022, ideamos una acci\u00f3n de cultura interna para fomentar el sentimiento de pertenencia entre los miembros de nuestro equipo. Naci\u00f3 as\u00ed \u00abEl Reto Viajero de Pujante\u00bb, a trav\u00e9s del que nuestro Pujante Team ha podido llevar con orgullo nuestra marca por el mundo&#8230;<\/p>","protected":false},"author":3,"featured_media":8837,"comment_status":"open","ping_status":"open","sticky":false,"template":"","format":"standard","meta":{"_acf_changed":false,"footnotes":""},"categories":[461,43,45],"tags":[],"class_list":["post-8835","post","type-post","status-publish","format-standard","has-post-thumbnail","hentry","category-cultura-interna","category-noticias","category-pujante"],"acf":[],"yoast_head":"<!-- This site is optimized with the Yoast SEO plugin v26.8 - https:\/\/yoast.com\/product\/yoast-seo-wordpress\/ -->\n<title>Conoce el Reto Viajero Pujante, una iniciativa de cultura interna<\/title>\n<meta name=\"description\" content=\"El pasado a\u00f1o 2022, ideamos una acci\u00f3n para fomentar el sentimiento de pertenencia entre los miembros de nuestro equipo. Naci\u00f3 as\u00ed &quot;El Reto Viajero de Pujante&quot;...\" \/>\n<meta name=\"robots\" content=\"index, follow, max-snippet:-1, max-image-preview:large, max-video-preview:-1\" \/>\n<link rel=\"canonical\" href=\"https:\/\/pujante.com\/en\/reto-viajero-2022\/\" \/>\n<meta property=\"og:locale\" content=\"en_US\" \/>\n<meta property=\"og:type\" content=\"article\" \/>\n<meta property=\"og:title\" content=\"Conoce el Reto Viajero Pujante, una iniciativa de cultura interna\" \/>\n<meta property=\"og:description\" content=\"El pasado a\u00f1o 2022, ideamos una acci\u00f3n para fomentar el sentimiento de pertenencia entre los miembros de nuestro equipo. Naci\u00f3 as\u00ed &quot;El Reto Viajero de Pujante&quot;...\" \/>\n<meta property=\"og:url\" content=\"https:\/\/pujante.com\/en\/reto-viajero-2022\/\" \/>\n<meta property=\"og:site_name\" content=\"Pujante\" \/>\n<meta property=\"article:published_time\" content=\"2023-01-09T11:42:51+00:00\" \/>\n<meta property=\"article:modified_time\" content=\"2023-01-09T11:44:40+00:00\" \/>\n<meta property=\"og:image\" content=\"https:\/\/pujante.com\/wp-content\/uploads\/reto-viajero-pujante.jpg\" \/>\n\t<meta property=\"og:image:width\" content=\"1500\" \/>\n\t<meta property=\"og:image:height\" content=\"830\" \/>\n\t<meta property=\"og:image:type\" content=\"image\/jpeg\" \/>\n<meta name=\"author\" content=\"La Pecera\" \/>\n<meta name=\"twitter:card\" content=\"summary_large_image\" \/>\n<meta name=\"twitter:label1\" content=\"Written by\" \/>\n\t<meta name=\"twitter:data1\" content=\"La Pecera\" \/>\n\t<meta name=\"twitter:label2\" content=\"Est. reading time\" \/>\n\t<meta name=\"twitter:data2\" content=\"1 minute\" \/>\n<script type=\"application\/ld+json\" class=\"yoast-schema-graph\">{\"@context\":\"https:\/\/schema.org\",\"@graph\":[{\"@type\":\"Article\",\"@id\":\"https:\/\/pujante.com\/reto-viajero-2022\/#article\",\"isPartOf\":{\"@id\":\"https:\/\/pujante.com\/reto-viajero-2022\/\"},\"author\":{\"name\":\"La Pecera\",\"@id\":\"https:\/\/pujante.com\/#\/schema\/person\/54abf98d6d192e46e1d9b087bbe3c02a\"},\"headline\":\"El Reto Viajero de Pujante\",\"datePublished\":\"2023-01-09T11:42:51+00:00\",\"dateModified\":\"2023-01-09T11:44:40+00:00\",\"mainEntityOfPage\":{\"@id\":\"https:\/\/pujante.com\/reto-viajero-2022\/\"},\"wordCount\":154,\"commentCount\":0,\"image\":{\"@id\":\"https:\/\/pujante.com\/reto-viajero-2022\/#primaryimage\"},\"thumbnailUrl\":\"https:\/\/pujante.com\/wp-content\/uploads\/reto-viajero-pujante.jpg\",\"articleSection\":[\"Cultura Interna\",\"Noticias\",\"Pujante\"],\"inLanguage\":\"en-US\",\"potentialAction\":[{\"@type\":\"CommentAction\",\"name\":\"Comment\",\"target\":[\"https:\/\/pujante.com\/reto-viajero-2022\/#respond\"]}]},{\"@type\":\"WebPage\",\"@id\":\"https:\/\/pujante.com\/reto-viajero-2022\/\",\"url\":\"https:\/\/pujante.com\/reto-viajero-2022\/\",\"name\":\"Conoce el Reto Viajero Pujante, una iniciativa de cultura interna\",\"isPartOf\":{\"@id\":\"https:\/\/pujante.com\/#website\"},\"primaryImageOfPage\":{\"@id\":\"https:\/\/pujante.com\/reto-viajero-2022\/#primaryimage\"},\"image\":{\"@id\":\"https:\/\/pujante.com\/reto-viajero-2022\/#primaryimage\"},\"thumbnailUrl\":\"https:\/\/pujante.com\/wp-content\/uploads\/reto-viajero-pujante.jpg\",\"datePublished\":\"2023-01-09T11:42:51+00:00\",\"dateModified\":\"2023-01-09T11:44:40+00:00\",\"author\":{\"@id\":\"https:\/\/pujante.com\/#\/schema\/person\/54abf98d6d192e46e1d9b087bbe3c02a\"},\"description\":\"El pasado a\u00f1o 2022, ideamos una acci\u00f3n para fomentar el sentimiento de pertenencia entre los miembros de nuestro equipo. Naci\u00f3 as\u00ed \\\"El Reto Viajero de Pujante\\\"...\",\"breadcrumb\":{\"@id\":\"https:\/\/pujante.com\/reto-viajero-2022\/#breadcrumb\"},\"inLanguage\":\"en-US\",\"potentialAction\":[{\"@type\":\"ReadAction\",\"target\":[\"https:\/\/pujante.com\/reto-viajero-2022\/\"]}]},{\"@type\":\"ImageObject\",\"inLanguage\":\"en-US\",\"@id\":\"https:\/\/pujante.com\/reto-viajero-2022\/#primaryimage\",\"url\":\"https:\/\/pujante.com\/wp-content\/uploads\/reto-viajero-pujante.jpg\",\"contentUrl\":\"https:\/\/pujante.com\/wp-content\/uploads\/reto-viajero-pujante.jpg\",\"width\":1500,\"height\":830},{\"@type\":\"BreadcrumbList\",\"@id\":\"https:\/\/pujante.com\/reto-viajero-2022\/#breadcrumb\",\"itemListElement\":[{\"@type\":\"ListItem\",\"position\":1,\"name\":\"Portada\",\"item\":\"https:\/\/pujante.com\/\"},{\"@type\":\"ListItem\",\"position\":2,\"name\":\"El Reto Viajero de Pujante\"}]},{\"@type\":\"WebSite\",\"@id\":\"https:\/\/pujante.com\/#website\",\"url\":\"https:\/\/pujante.com\/\",\"name\":\"Pujante\",\"description\":\"El \u00fanico pollo nacido y criado en la Regi\u00f3n de Murcia\",\"potentialAction\":[{\"@type\":\"SearchAction\",\"target\":{\"@type\":\"EntryPoint\",\"urlTemplate\":\"https:\/\/pujante.com\/?s={search_term_string}\"},\"query-input\":{\"@type\":\"PropertyValueSpecification\",\"valueRequired\":true,\"valueName\":\"search_term_string\"}}],\"inLanguage\":\"en-US\"},{\"@type\":\"Person\",\"@id\":\"https:\/\/pujante.com\/#\/schema\/person\/54abf98d6d192e46e1d9b087bbe3c02a\",\"name\":\"La Pecera\",\"image\":{\"@type\":\"ImageObject\",\"inLanguage\":\"en-US\",\"@id\":\"https:\/\/pujante.com\/#\/schema\/person\/image\/\",\"url\":\"https:\/\/secure.gravatar.com\/avatar\/2bff88100e42a9412b8e36ac3218958174d7c1b0f31cd207f7faba8d6e287e4a?s=96&d=mm&r=g\",\"contentUrl\":\"https:\/\/secure.gravatar.com\/avatar\/2bff88100e42a9412b8e36ac3218958174d7c1b0f31cd207f7faba8d6e287e4a?s=96&d=mm&r=g\",\"caption\":\"La Pecera\"},\"url\":\"https:\/\/pujante.com\/en\/author\/u5zgcw14\/\"}]}<\/script>\n<!-- \/ Yoast SEO plugin. -->","yoast_head_json":{"title":"Conoce el Reto Viajero Pujante, una iniciativa de cultura interna","description":"El pasado a\u00f1o 2022, ideamos una acci\u00f3n para fomentar el sentimiento de pertenencia entre los miembros de nuestro equipo. Naci\u00f3 as\u00ed \"El Reto Viajero de Pujante\"...","robots":{"index":"index","follow":"follow","max-snippet":"max-snippet:-1","max-image-preview":"max-image-preview:large","max-video-preview":"max-video-preview:-1"},"canonical":"https:\/\/pujante.com\/en\/reto-viajero-2022\/","og_locale":"en_US","og_type":"article","og_title":"Conoce el Reto Viajero Pujante, una iniciativa de cultura interna","og_description":"El pasado a\u00f1o 2022, ideamos una acci\u00f3n para fomentar el sentimiento de pertenencia entre los miembros de nuestro equipo. Naci\u00f3 as\u00ed \"El Reto Viajero de Pujante\"...","og_url":"https:\/\/pujante.com\/en\/reto-viajero-2022\/","og_site_name":"Pujante","article_published_time":"2023-01-09T11:42:51+00:00","article_modified_time":"2023-01-09T11:44:40+00:00","og_image":[{"width":1500,"height":830,"url":"https:\/\/pujante.com\/wp-content\/uploads\/reto-viajero-pujante.jpg","type":"image\/jpeg"}],"author":"La Pecera","twitter_card":"summary_large_image","twitter_misc":{"Written by":"La Pecera","Est. reading time":"1 minute"},"schema":{"@context":"https:\/\/schema.org","@graph":[{"@type":"Article","@id":"https:\/\/pujante.com\/reto-viajero-2022\/#article","isPartOf":{"@id":"https:\/\/pujante.com\/reto-viajero-2022\/"},"author":{"name":"La Pecera","@id":"https:\/\/pujante.com\/#\/schema\/person\/54abf98d6d192e46e1d9b087bbe3c02a"},"headline":"El Reto Viajero de Pujante","datePublished":"2023-01-09T11:42:51+00:00","dateModified":"2023-01-09T11:44:40+00:00","mainEntityOfPage":{"@id":"https:\/\/pujante.com\/reto-viajero-2022\/"},"wordCount":154,"commentCount":0,"image":{"@id":"https:\/\/pujante.com\/reto-viajero-2022\/#primaryimage"},"thumbnailUrl":"https:\/\/pujante.com\/wp-content\/uploads\/reto-viajero-pujante.jpg","articleSection":["Cultura Interna","Noticias","Pujante"],"inLanguage":"en-US","potentialAction":[{"@type":"CommentAction","name":"Comment","target":["https:\/\/pujante.com\/reto-viajero-2022\/#respond"]}]},{"@type":"WebPage","@id":"https:\/\/pujante.com\/reto-viajero-2022\/","url":"https:\/\/pujante.com\/reto-viajero-2022\/","name":"Conoce el Reto Viajero Pujante, una iniciativa de cultura interna","isPartOf":{"@id":"https:\/\/pujante.com\/#website"},"primaryImageOfPage":{"@id":"https:\/\/pujante.com\/reto-viajero-2022\/#primaryimage"},"image":{"@id":"https:\/\/pujante.com\/reto-viajero-2022\/#primaryimage"},"thumbnailUrl":"https:\/\/pujante.com\/wp-content\/uploads\/reto-viajero-pujante.jpg","datePublished":"2023-01-09T11:42:51+00:00","dateModified":"2023-01-09T11:44:40+00:00","author":{"@id":"https:\/\/pujante.com\/#\/schema\/person\/54abf98d6d192e46e1d9b087bbe3c02a"},"description":"El pasado a\u00f1o 2022, ideamos una acci\u00f3n para fomentar el sentimiento de pertenencia entre los miembros de nuestro equipo. Naci\u00f3 as\u00ed \"El Reto Viajero de Pujante\"...","breadcrumb":{"@id":"https:\/\/pujante.com\/reto-viajero-2022\/#breadcrumb"},"inLanguage":"en-US","potentialAction":[{"@type":"ReadAction","target":["https:\/\/pujante.com\/reto-viajero-2022\/"]}]},{"@type":"ImageObject","inLanguage":"en-US","@id":"https:\/\/pujante.com\/reto-viajero-2022\/#primaryimage","url":"https:\/\/pujante.com\/wp-content\/uploads\/reto-viajero-pujante.jpg","contentUrl":"https:\/\/pujante.com\/wp-content\/uploads\/reto-viajero-pujante.jpg","width":1500,"height":830},{"@type":"BreadcrumbList","@id":"https:\/\/pujante.com\/reto-viajero-2022\/#breadcrumb","itemListElement":[{"@type":"ListItem","position":1,"name":"Portada","item":"https:\/\/pujante.com\/"},{"@type":"ListItem","position":2,"name":"El Reto Viajero de Pujante"}]},{"@type":"WebSite","@id":"https:\/\/pujante.com\/#website","url":"https:\/\/pujante.com\/","name":"Pujante","description":"El \u00fanico pollo nacido y criado en la Regi\u00f3n de Murcia","potentialAction":[{"@type":"SearchAction","target":{"@type":"EntryPoint","urlTemplate":"https:\/\/pujante.com\/?s={search_term_string}"},"query-input":{"@type":"PropertyValueSpecification","valueRequired":true,"valueName":"search_term_string"}}],"inLanguage":"en-US"},{"@type":"Person","@id":"https:\/\/pujante.com\/#\/schema\/person\/54abf98d6d192e46e1d9b087bbe3c02a","name":"La Pecera","image":{"@type":"ImageObject","inLanguage":"en-US","@id":"https:\/\/pujante.com\/#\/schema\/person\/image\/","url":"https:\/\/secure.gravatar.com\/avatar\/2bff88100e42a9412b8e36ac3218958174d7c1b0f31cd207f7faba8d6e287e4a?s=96&d=mm&r=g","contentUrl":"https:\/\/secure.gravatar.com\/avatar\/2bff88100e42a9412b8e36ac3218958174d7c1b0f31cd207f7faba8d6e287e4a?s=96&d=mm&r=g","caption":"La Pecera"},"url":"https:\/\/pujante.com\/en\/author\/u5zgcw14\/"}]}},"_links":{"self":[{"href":"https:\/\/pujante.com\/en\/wp-json\/wp\/v2\/posts\/8835","targetHints":{"allow":["GET"]}}],"collection":[{"href":"https:\/\/pujante.com\/en\/wp-json\/wp\/v2\/posts"}],"about":[{"href":"https:\/\/pujante.com\/en\/wp-json\/wp\/v2\/types\/post"}],"author":[{"embeddable":true,"href":"https:\/\/pujante.com\/en\/wp-json\/wp\/v2\/users\/3"}],"replies":[{"embeddable":true,"href":"https:\/\/pujante.com\/en\/wp-json\/wp\/v2\/comments?post=8835"}],"version-history":[{"count":0,"href":"https:\/\/pujante.com\/en\/wp-json\/wp\/v2\/posts\/8835\/revisions"}],"wp:featuredmedia":[{"embeddable":true,"href":"https:\/\/pujante.com\/en\/wp-json\/wp\/v2\/media\/8837"}],"wp:attachment":[{"href":"https:\/\/pujante.com\/en\/wp-json\/wp\/v2\/media?parent=8835"}],"wp:term":[{"taxonomy":"category","embeddable":true,"href":"https:\/\/pujante.com\/en\/wp-json\/wp\/v2\/categories?post=8835"},{"taxonomy":"post_tag","embeddable":true,"href":"https:\/\/pujante.com\/en\/wp-json\/wp\/v2\/tags?post=8835"}],"curies":[{"name":"wp","href":"https:\/\/api.w.org\/{rel}","templated":true}]}}