{"id":9280,"date":"2023-02-10T12:08:46","date_gmt":"2023-02-10T11:08:46","guid":{"rendered":"https:\/\/pujante.com\/?p=9280"},"modified":"2023-02-10T12:10:00","modified_gmt":"2023-02-10T11:10:00","slug":"renovamos-certificacion-gestion-ambiental-iso-14001","status":"publish","type":"post","link":"https:\/\/pujante.com\/en\/renovamos-certificacion-gestion-ambiental-iso-14001\/","title":{"rendered":"Renovamos nuestra certificaci\u00f3n en gesti\u00f3n ambiental: norma ISO 14001"},"content":{"rendered":"<p data-pm-slice=\"1 1 []\">En Pujante, trabajamos duro d\u00eda a d\u00eda por superar las expectativas del consumidor, fortaleciendo las relaciones de confianza que nos den la oportunidad de formar parte de su mesa, de su familia.<\/p>\n<p>Pero no es el \u00fanico camino que labramos a diario. Tambi\u00e9n apostamos por el ma\u00f1ana, casi tan cercano como el hoy, y creemos en que cada acci\u00f3n debe estar alineada con el desarrollo sostenible, materializado en objetivos de bienestar social, equilibrio ambiental y crecimiento econ\u00f3mico.<\/p>\n<p>Por ello, hemos tomado la decisi\u00f3n de certificar un sistema de gesti\u00f3n ambiental, basado en la <strong>norma ISO 14001<\/strong>, la norma de gesti\u00f3n ambiental m\u00e1s reconocida a nivel internacional, que permite promover nuestros esfuerzos en la formulaci\u00f3n, implementaci\u00f3n y seguimiento en esta l\u00ednea.<\/p>\n<p>Seguimos trabajando, manteni\u00e9ndonos siempre al d\u00eda, en vistas a maximizar nuestras acciones en pro del desarrollo econ\u00f3mico y social.<\/p>\n<p>Gracias a todo el equipo Pujante por este logro y, en especial, a nuestros compa\u00f1eros y compa\u00f1eras del departamento de Calidad.<\/p>\n<p>&nbsp;<\/p>","protected":false},"excerpt":{"rendered":"<p>Tomamos la decisi\u00f3n de certificar un sistema de gesti\u00f3n ambiental, basado en la norma ISO 14001, la norma de gesti\u00f3n ambiental m\u00e1s reconocida a nivel internacional, que permite promover nuestros esfuerzos en la formulaci\u00f3n, implementaci\u00f3n y seguimiento en esta l\u00ednea.<\/p>","protected":false},"author":3,"featured_media":9281,"comment_status":"open","ping_status":"open","sticky":false,"template":"","format":"standard","meta":{"_acf_changed":false,"footnotes":""},"categories":[461,43,45],"tags":[],"class_list":["post-9280","post","type-post","status-publish","format-standard","has-post-thumbnail","hentry","category-cultura-interna","category-noticias","category-pujante"],"acf":[],"yoast_head":"<!-- This site is optimized with the Yoast SEO plugin v27.5 - https:\/\/yoast.com\/product\/yoast-seo-wordpress\/ -->\n<title>Renovamos nuestra certificaci\u00f3n en gesti\u00f3n ambiental: norma ISO 14001<\/title>\n<meta name=\"description\" content=\"Certificamos nuestro sistema de gesti\u00f3n ambiental, basado en la norma ISO 14001, la m\u00e1s reconocida a nivel internacional...\" \/>\n<meta name=\"robots\" content=\"index, follow, max-snippet:-1, max-image-preview:large, max-video-preview:-1\" \/>\n<link rel=\"canonical\" href=\"https:\/\/pujante.com\/en\/renovamos-certificacion-gestion-ambiental-iso-14001\/\" \/>\n<meta property=\"og:locale\" content=\"en_US\" \/>\n<meta property=\"og:type\" content=\"article\" \/>\n<meta property=\"og:title\" content=\"Renovamos nuestra certificaci\u00f3n en gesti\u00f3n ambiental: norma ISO 14001\" \/>\n<meta property=\"og:description\" content=\"Certificamos nuestro sistema de gesti\u00f3n ambiental, basado en la norma ISO 14001, la m\u00e1s reconocida a nivel internacional...\" \/>\n<meta property=\"og:url\" content=\"https:\/\/pujante.com\/en\/renovamos-certificacion-gestion-ambiental-iso-14001\/\" \/>\n<meta property=\"og:site_name\" content=\"Pujante\" \/>\n<meta property=\"article:published_time\" content=\"2023-02-10T11:08:46+00:00\" \/>\n<meta property=\"article:modified_time\" content=\"2023-02-10T11:10:00+00:00\" \/>\n<meta property=\"og:image\" content=\"https:\/\/pujante.com\/wp-content\/uploads\/iso14001-gestion-ambiental.jpg\" \/>\n\t<meta property=\"og:image:width\" content=\"1500\" \/>\n\t<meta property=\"og:image:height\" content=\"830\" \/>\n\t<meta property=\"og:image:type\" content=\"image\/jpeg\" \/>\n<meta name=\"author\" content=\"La Pecera\" \/>\n<meta name=\"twitter:card\" content=\"summary_large_image\" \/>\n<meta name=\"twitter:label1\" content=\"Written by\" \/>\n\t<meta name=\"twitter:data1\" content=\"La Pecera\" \/>\n\t<meta name=\"twitter:label2\" content=\"Est. reading time\" \/>\n\t<meta name=\"twitter:data2\" content=\"1 minute\" \/>\n<script type=\"application\/ld+json\" class=\"yoast-schema-graph\">{\"@context\":\"https:\\\/\\\/schema.org\",\"@graph\":[{\"@type\":\"Article\",\"@id\":\"https:\\\/\\\/pujante.com\\\/renovamos-certificacion-gestion-ambiental-iso-14001\\\/#article\",\"isPartOf\":{\"@id\":\"https:\\\/\\\/pujante.com\\\/renovamos-certificacion-gestion-ambiental-iso-14001\\\/\"},\"author\":{\"name\":\"La Pecera\",\"@id\":\"https:\\\/\\\/pujante.com\\\/#\\\/schema\\\/person\\\/54abf98d6d192e46e1d9b087bbe3c02a\"},\"headline\":\"Renovamos nuestra certificaci\u00f3n en gesti\u00f3n ambiental: norma ISO 14001\",\"datePublished\":\"2023-02-10T11:08:46+00:00\",\"dateModified\":\"2023-02-10T11:10:00+00:00\",\"mainEntityOfPage\":{\"@id\":\"https:\\\/\\\/pujante.com\\\/renovamos-certificacion-gestion-ambiental-iso-14001\\\/\"},\"wordCount\":188,\"commentCount\":0,\"image\":{\"@id\":\"https:\\\/\\\/pujante.com\\\/renovamos-certificacion-gestion-ambiental-iso-14001\\\/#primaryimage\"},\"thumbnailUrl\":\"https:\\\/\\\/pujante.com\\\/wp-content\\\/uploads\\\/iso14001-gestion-ambiental.jpg\",\"articleSection\":[\"Cultura Interna\",\"Noticias\",\"Pujante\"],\"inLanguage\":\"en-US\",\"potentialAction\":[{\"@type\":\"CommentAction\",\"name\":\"Comment\",\"target\":[\"https:\\\/\\\/pujante.com\\\/renovamos-certificacion-gestion-ambiental-iso-14001\\\/#respond\"]}]},{\"@type\":\"WebPage\",\"@id\":\"https:\\\/\\\/pujante.com\\\/renovamos-certificacion-gestion-ambiental-iso-14001\\\/\",\"url\":\"https:\\\/\\\/pujante.com\\\/renovamos-certificacion-gestion-ambiental-iso-14001\\\/\",\"name\":\"Renovamos nuestra certificaci\u00f3n en gesti\u00f3n ambiental: norma ISO 14001\",\"isPartOf\":{\"@id\":\"https:\\\/\\\/pujante.com\\\/#website\"},\"primaryImageOfPage\":{\"@id\":\"https:\\\/\\\/pujante.com\\\/renovamos-certificacion-gestion-ambiental-iso-14001\\\/#primaryimage\"},\"image\":{\"@id\":\"https:\\\/\\\/pujante.com\\\/renovamos-certificacion-gestion-ambiental-iso-14001\\\/#primaryimage\"},\"thumbnailUrl\":\"https:\\\/\\\/pujante.com\\\/wp-content\\\/uploads\\\/iso14001-gestion-ambiental.jpg\",\"datePublished\":\"2023-02-10T11:08:46+00:00\",\"dateModified\":\"2023-02-10T11:10:00+00:00\",\"author\":{\"@id\":\"https:\\\/\\\/pujante.com\\\/#\\\/schema\\\/person\\\/54abf98d6d192e46e1d9b087bbe3c02a\"},\"description\":\"Certificamos nuestro sistema de gesti\u00f3n ambiental, basado en la norma ISO 14001, la m\u00e1s reconocida a nivel internacional...\",\"breadcrumb\":{\"@id\":\"https:\\\/\\\/pujante.com\\\/renovamos-certificacion-gestion-ambiental-iso-14001\\\/#breadcrumb\"},\"inLanguage\":\"en-US\",\"potentialAction\":[{\"@type\":\"ReadAction\",\"target\":[\"https:\\\/\\\/pujante.com\\\/renovamos-certificacion-gestion-ambiental-iso-14001\\\/\"]}]},{\"@type\":\"ImageObject\",\"inLanguage\":\"en-US\",\"@id\":\"https:\\\/\\\/pujante.com\\\/renovamos-certificacion-gestion-ambiental-iso-14001\\\/#primaryimage\",\"url\":\"https:\\\/\\\/pujante.com\\\/wp-content\\\/uploads\\\/iso14001-gestion-ambiental.jpg\",\"contentUrl\":\"https:\\\/\\\/pujante.com\\\/wp-content\\\/uploads\\\/iso14001-gestion-ambiental.jpg\",\"width\":1500,\"height\":830},{\"@type\":\"BreadcrumbList\",\"@id\":\"https:\\\/\\\/pujante.com\\\/renovamos-certificacion-gestion-ambiental-iso-14001\\\/#breadcrumb\",\"itemListElement\":[{\"@type\":\"ListItem\",\"position\":1,\"name\":\"Portada\",\"item\":\"https:\\\/\\\/pujante.com\\\/\"},{\"@type\":\"ListItem\",\"position\":2,\"name\":\"Renovamos nuestra certificaci\u00f3n en gesti\u00f3n ambiental: norma ISO 14001\"}]},{\"@type\":\"WebSite\",\"@id\":\"https:\\\/\\\/pujante.com\\\/#website\",\"url\":\"https:\\\/\\\/pujante.com\\\/\",\"name\":\"Pujante\",\"description\":\"El \u00fanico pollo nacido y criado en la Regi\u00f3n de Murcia\",\"potentialAction\":[{\"@type\":\"SearchAction\",\"target\":{\"@type\":\"EntryPoint\",\"urlTemplate\":\"https:\\\/\\\/pujante.com\\\/?s={search_term_string}\"},\"query-input\":{\"@type\":\"PropertyValueSpecification\",\"valueRequired\":true,\"valueName\":\"search_term_string\"}}],\"inLanguage\":\"en-US\"},{\"@type\":\"Person\",\"@id\":\"https:\\\/\\\/pujante.com\\\/#\\\/schema\\\/person\\\/54abf98d6d192e46e1d9b087bbe3c02a\",\"name\":\"La Pecera\",\"image\":{\"@type\":\"ImageObject\",\"inLanguage\":\"en-US\",\"@id\":\"https:\\\/\\\/secure.gravatar.com\\\/avatar\\\/2bff88100e42a9412b8e36ac3218958174d7c1b0f31cd207f7faba8d6e287e4a?s=96&d=mm&r=g\",\"url\":\"https:\\\/\\\/secure.gravatar.com\\\/avatar\\\/2bff88100e42a9412b8e36ac3218958174d7c1b0f31cd207f7faba8d6e287e4a?s=96&d=mm&r=g\",\"contentUrl\":\"https:\\\/\\\/secure.gravatar.com\\\/avatar\\\/2bff88100e42a9412b8e36ac3218958174d7c1b0f31cd207f7faba8d6e287e4a?s=96&d=mm&r=g\",\"caption\":\"La Pecera\"},\"url\":\"https:\\\/\\\/pujante.com\\\/en\\\/author\\\/u5zgcw14\\\/\"}]}<\/script>\n<!-- \/ Yoast SEO plugin. -->","yoast_head_json":{"title":"Renovamos nuestra certificaci\u00f3n en gesti\u00f3n ambiental: norma ISO 14001","description":"Certificamos nuestro sistema de gesti\u00f3n ambiental, basado en la norma ISO 14001, la m\u00e1s reconocida a nivel internacional...","robots":{"index":"index","follow":"follow","max-snippet":"max-snippet:-1","max-image-preview":"max-image-preview:large","max-video-preview":"max-video-preview:-1"},"canonical":"https:\/\/pujante.com\/en\/renovamos-certificacion-gestion-ambiental-iso-14001\/","og_locale":"en_US","og_type":"article","og_title":"Renovamos nuestra certificaci\u00f3n en gesti\u00f3n ambiental: norma ISO 14001","og_description":"Certificamos nuestro sistema de gesti\u00f3n ambiental, basado en la norma ISO 14001, la m\u00e1s reconocida a nivel internacional...","og_url":"https:\/\/pujante.com\/en\/renovamos-certificacion-gestion-ambiental-iso-14001\/","og_site_name":"Pujante","article_published_time":"2023-02-10T11:08:46+00:00","article_modified_time":"2023-02-10T11:10:00+00:00","og_image":[{"width":1500,"height":830,"url":"https:\/\/pujante.com\/wp-content\/uploads\/iso14001-gestion-ambiental.jpg","type":"image\/jpeg"}],"author":"La Pecera","twitter_card":"summary_large_image","twitter_misc":{"Written by":"La Pecera","Est. reading time":"1 minute"},"schema":{"@context":"https:\/\/schema.org","@graph":[{"@type":"Article","@id":"https:\/\/pujante.com\/renovamos-certificacion-gestion-ambiental-iso-14001\/#article","isPartOf":{"@id":"https:\/\/pujante.com\/renovamos-certificacion-gestion-ambiental-iso-14001\/"},"author":{"name":"La Pecera","@id":"https:\/\/pujante.com\/#\/schema\/person\/54abf98d6d192e46e1d9b087bbe3c02a"},"headline":"Renovamos nuestra certificaci\u00f3n en gesti\u00f3n ambiental: norma ISO 14001","datePublished":"2023-02-10T11:08:46+00:00","dateModified":"2023-02-10T11:10:00+00:00","mainEntityOfPage":{"@id":"https:\/\/pujante.com\/renovamos-certificacion-gestion-ambiental-iso-14001\/"},"wordCount":188,"commentCount":0,"image":{"@id":"https:\/\/pujante.com\/renovamos-certificacion-gestion-ambiental-iso-14001\/#primaryimage"},"thumbnailUrl":"https:\/\/pujante.com\/wp-content\/uploads\/iso14001-gestion-ambiental.jpg","articleSection":["Cultura Interna","Noticias","Pujante"],"inLanguage":"en-US","potentialAction":[{"@type":"CommentAction","name":"Comment","target":["https:\/\/pujante.com\/renovamos-certificacion-gestion-ambiental-iso-14001\/#respond"]}]},{"@type":"WebPage","@id":"https:\/\/pujante.com\/renovamos-certificacion-gestion-ambiental-iso-14001\/","url":"https:\/\/pujante.com\/renovamos-certificacion-gestion-ambiental-iso-14001\/","name":"Renovamos nuestra certificaci\u00f3n en gesti\u00f3n ambiental: norma ISO 14001","isPartOf":{"@id":"https:\/\/pujante.com\/#website"},"primaryImageOfPage":{"@id":"https:\/\/pujante.com\/renovamos-certificacion-gestion-ambiental-iso-14001\/#primaryimage"},"image":{"@id":"https:\/\/pujante.com\/renovamos-certificacion-gestion-ambiental-iso-14001\/#primaryimage"},"thumbnailUrl":"https:\/\/pujante.com\/wp-content\/uploads\/iso14001-gestion-ambiental.jpg","datePublished":"2023-02-10T11:08:46+00:00","dateModified":"2023-02-10T11:10:00+00:00","author":{"@id":"https:\/\/pujante.com\/#\/schema\/person\/54abf98d6d192e46e1d9b087bbe3c02a"},"description":"Certificamos nuestro sistema de gesti\u00f3n ambiental, basado en la norma ISO 14001, la m\u00e1s reconocida a nivel internacional...","breadcrumb":{"@id":"https:\/\/pujante.com\/renovamos-certificacion-gestion-ambiental-iso-14001\/#breadcrumb"},"inLanguage":"en-US","potentialAction":[{"@type":"ReadAction","target":["https:\/\/pujante.com\/renovamos-certificacion-gestion-ambiental-iso-14001\/"]}]},{"@type":"ImageObject","inLanguage":"en-US","@id":"https:\/\/pujante.com\/renovamos-certificacion-gestion-ambiental-iso-14001\/#primaryimage","url":"https:\/\/pujante.com\/wp-content\/uploads\/iso14001-gestion-ambiental.jpg","contentUrl":"https:\/\/pujante.com\/wp-content\/uploads\/iso14001-gestion-ambiental.jpg","width":1500,"height":830},{"@type":"BreadcrumbList","@id":"https:\/\/pujante.com\/renovamos-certificacion-gestion-ambiental-iso-14001\/#breadcrumb","itemListElement":[{"@type":"ListItem","position":1,"name":"Portada","item":"https:\/\/pujante.com\/"},{"@type":"ListItem","position":2,"name":"Renovamos nuestra certificaci\u00f3n en gesti\u00f3n ambiental: norma ISO 14001"}]},{"@type":"WebSite","@id":"https:\/\/pujante.com\/#website","url":"https:\/\/pujante.com\/","name":"Pujante","description":"El \u00fanico pollo nacido y criado en la Regi\u00f3n de Murcia","potentialAction":[{"@type":"SearchAction","target":{"@type":"EntryPoint","urlTemplate":"https:\/\/pujante.com\/?s={search_term_string}"},"query-input":{"@type":"PropertyValueSpecification","valueRequired":true,"valueName":"search_term_string"}}],"inLanguage":"en-US"},{"@type":"Person","@id":"https:\/\/pujante.com\/#\/schema\/person\/54abf98d6d192e46e1d9b087bbe3c02a","name":"La Pecera","image":{"@type":"ImageObject","inLanguage":"en-US","@id":"https:\/\/secure.gravatar.com\/avatar\/2bff88100e42a9412b8e36ac3218958174d7c1b0f31cd207f7faba8d6e287e4a?s=96&d=mm&r=g","url":"https:\/\/secure.gravatar.com\/avatar\/2bff88100e42a9412b8e36ac3218958174d7c1b0f31cd207f7faba8d6e287e4a?s=96&d=mm&r=g","contentUrl":"https:\/\/secure.gravatar.com\/avatar\/2bff88100e42a9412b8e36ac3218958174d7c1b0f31cd207f7faba8d6e287e4a?s=96&d=mm&r=g","caption":"La Pecera"},"url":"https:\/\/pujante.com\/en\/author\/u5zgcw14\/"}]}},"_links":{"self":[{"href":"https:\/\/pujante.com\/en\/wp-json\/wp\/v2\/posts\/9280","targetHints":{"allow":["GET"]}}],"collection":[{"href":"https:\/\/pujante.com\/en\/wp-json\/wp\/v2\/posts"}],"about":[{"href":"https:\/\/pujante.com\/en\/wp-json\/wp\/v2\/types\/post"}],"author":[{"embeddable":true,"href":"https:\/\/pujante.com\/en\/wp-json\/wp\/v2\/users\/3"}],"replies":[{"embeddable":true,"href":"https:\/\/pujante.com\/en\/wp-json\/wp\/v2\/comments?post=9280"}],"version-history":[{"count":0,"href":"https:\/\/pujante.com\/en\/wp-json\/wp\/v2\/posts\/9280\/revisions"}],"wp:featuredmedia":[{"embeddable":true,"href":"https:\/\/pujante.com\/en\/wp-json\/wp\/v2\/media\/9281"}],"wp:attachment":[{"href":"https:\/\/pujante.com\/en\/wp-json\/wp\/v2\/media?parent=9280"}],"wp:term":[{"taxonomy":"category","embeddable":true,"href":"https:\/\/pujante.com\/en\/wp-json\/wp\/v2\/categories?post=9280"},{"taxonomy":"post_tag","embeddable":true,"href":"https:\/\/pujante.com\/en\/wp-json\/wp\/v2\/tags?post=9280"}],"curies":[{"name":"wp","href":"https:\/\/api.w.org\/{rel}","templated":true}]}}